{"id":66838,"date":"2026-03-17T09:28:38","date_gmt":"2026-03-17T15:28:38","guid":{"rendered":"https:\/\/labestiapolitica.com.mx\/?p=66838"},"modified":"2026-03-17T09:28:38","modified_gmt":"2026-03-17T15:28:38","slug":"vocero-del-gobierno-de-tlaxcala-pide-evitar-especulacion-sobre-narconomina","status":"publish","type":"post","link":"https:\/\/labestiapolitica.com.mx\/?p=66838","title":{"rendered":"Vocero del gobierno de Tlaxcala pide evitar especulaci\u00f3n sobre narcon\u00f3mina."},"content":{"rendered":"<ul>\n<li style=\"text-align: justify;\">Luego que la FGR determin\u00f3 que no es posible ratificar su autenticidad<\/li>\n<\/ul>\n<p style=\"text-align: justify;\">Demian M\u00e1rquez<\/p>\n<p style=\"text-align: justify;\">El coordinador de Comunicaci\u00f3n del Gobierno de Tlaxcala, Antonio Mart\u00ednez Vel\u00e1zquez, llam\u00f3 a evitar la especulaci\u00f3n en torno a la presunta \u201cnarcon\u00f3mina\u201d difundida tras un operativo en Tapalpa, Jalisco, al se\u00f1alar que la Fiscal\u00eda General de la Rep\u00fablica ha establecido que no es posible confirmar la autenticidad de los documentos hallados en el sitio.<\/p>\n<p style=\"text-align: justify;\">Durante los di\u00e1logos circulares, el funcionario explic\u00f3 que, de acuerdo con la autoridad federal, los inmuebles intervenidos no contaban con condiciones adecuadas de seguridad en un primer momento, lo que impidi\u00f3 su aseguramiento inmediato.<\/p>\n<p style=\"text-align: justify;\">Adem\u00e1s, indic\u00f3 que antes de que se obtuviera una orden judicial para ingresar legalmente, diversas personas accedieron al lugar sin autorizaci\u00f3n, lo que habr\u00eda provocado la alteraci\u00f3n de posibles evidencias.<\/p>\n<p style=\"text-align: justify;\">En este contexto, Mart\u00ednez Vel\u00e1zquez subray\u00f3 que esta situaci\u00f3n complica determinar si los objetos y documentos difundidos p\u00fablicamente corresponden realmente a lo encontrado durante el operativo.<\/p>\n<p style=\"text-align: justify;\">Por ello, insisti\u00f3 en que cualquier informaci\u00f3n debe manejarse con cautela hasta que existan conclusiones oficiales por parte de las autoridades encargadas de la investigaci\u00f3n.<\/p>\n<p style=\"text-align: justify;\">El vocero estatal asegur\u00f3 que el Gobierno de Tlaxcala ha mantenido una postura de apertura y colaboraci\u00f3n desde el inicio del caso, ofreciendo apoyo a las instancias federales.<\/p>\n<p style=\"text-align: justify;\">Asimismo, reiter\u00f3 que si bien la cr\u00edtica es v\u00e1lida, es importante evitar la difusi\u00f3n de versiones no confirmadas que puedan generar desinformaci\u00f3n en torno a un tema de seguridad nacional.<\/p>\n","protected":false},"excerpt":{"rendered":"<p>Luego que la FGR determin\u00f3 que no es posible ratificar su autenticidad Demian M\u00e1rquez El coordinador de Comunicaci\u00f3n del Gobierno de Tlaxcala, Antonio Mart\u00ednez Vel\u00e1zquez, llam\u00f3 a evitar la especulaci\u00f3n en torno a la presunta \u201cnarcon\u00f3mina\u201d difundida tras un operativo en Tapalpa, Jalisco, al se\u00f1alar que la Fiscal\u00eda General de la Rep\u00fablica ha establecido que [&hellip;]<\/p>\n","protected":false},"author":5,"featured_media":66839,"comment_status":"open","ping_status":"open","sticky":false,"template":"","format":"standard","meta":{"footnotes":""},"categories":[3,12],"tags":[],"class_list":["post-66838","post","type-post","status-publish","format-standard","has-post-thumbnail","hentry","category-8-columnas","category-brujula-2026"],"amp_enabled":true,"_links":{"self":[{"href":"https:\/\/labestiapolitica.com.mx\/index.php?rest_route=\/wp\/v2\/posts\/66838","targetHints":{"allow":["GET"]}}],"collection":[{"href":"https:\/\/labestiapolitica.com.mx\/index.php?rest_route=\/wp\/v2\/posts"}],"about":[{"href":"https:\/\/labestiapolitica.com.mx\/index.php?rest_route=\/wp\/v2\/types\/post"}],"author":[{"embeddable":true,"href":"https:\/\/labestiapolitica.com.mx\/index.php?rest_route=\/wp\/v2\/users\/5"}],"replies":[{"embeddable":true,"href":"https:\/\/labestiapolitica.com.mx\/index.php?rest_route=%2Fwp%2Fv2%2Fcomments&post=66838"}],"version-history":[{"count":1,"href":"https:\/\/labestiapolitica.com.mx\/index.php?rest_route=\/wp\/v2\/posts\/66838\/revisions"}],"predecessor-version":[{"id":66840,"href":"https:\/\/labestiapolitica.com.mx\/index.php?rest_route=\/wp\/v2\/posts\/66838\/revisions\/66840"}],"wp:featuredmedia":[{"embeddable":true,"href":"https:\/\/labestiapolitica.com.mx\/index.php?rest_route=\/wp\/v2\/media\/66839"}],"wp:attachment":[{"href":"https:\/\/labestiapolitica.com.mx\/index.php?rest_route=%2Fwp%2Fv2%2Fmedia&parent=66838"}],"wp:term":[{"taxonomy":"category","embeddable":true,"href":"https:\/\/labestiapolitica.com.mx\/index.php?rest_route=%2Fwp%2Fv2%2Fcategories&post=66838"},{"taxonomy":"post_tag","embeddable":true,"href":"https:\/\/labestiapolitica.com.mx\/index.php?rest_route=%2Fwp%2Fv2%2Ftags&post=66838"}],"curies":[{"name":"wp","href":"https:\/\/api.w.org\/{rel}","templated":true}]}}