{"id":66845,"date":"2026-03-17T10:14:03","date_gmt":"2026-03-17T16:14:03","guid":{"rendered":"https:\/\/labestiapolitica.com.mx\/?p=66845"},"modified":"2026-03-17T10:14:03","modified_gmt":"2026-03-17T16:14:03","slug":"belen-vega-no-descarta-aspirar-a-la-alcaldia-de-chiautempan","status":"publish","type":"post","link":"https:\/\/labestiapolitica.com.mx\/?p=66845","title":{"rendered":"Bel\u00e9n Vega no descarta aspirar a la alcald\u00eda de Chiautempan."},"content":{"rendered":"<p style=\"text-align: justify;\"><em>Demian M\u00e1rquez<\/em><\/p>\n<p style=\"text-align: justify;\">La actual secretaria ejecutiva del Sistema de Protecci\u00f3n Integral de Ni\u00f1as, Ni\u00f1os y Adolescentes en Tlaxcala, Bel\u00e9n Vega Ahuatzi, dej\u00f3 abierta la posibilidad de contender por la presidencia municipal de Chiautempan, luego de que su nombre comenzara a mencionarse como una posible candidata de Morena rumbo a pr\u00f3ximos procesos electorales.<\/p>\n<p style=\"text-align: justify;\">Cuestionada sobre esta versi\u00f3n, la funcionaria evit\u00f3 confirmar una aspiraci\u00f3n formal, aunque reconoci\u00f3 que existe inter\u00e9s.<\/p>\n<p style=\"text-align: justify;\">\u00abAhorita todav\u00eda no son los tiempos para hablar de eso, pero dir\u00edan por ah\u00ed, hay la intenci\u00f3n ya sabremos m\u00e1s adelante que es lo que pasa\u00bb, fueron las breves declaraciones de la funcionaria a pregunta expresa de este medio de comunicaci\u00f3n.<\/p>\n<p style=\"text-align: justify;\">Es as\u00ed, que aunque se\u00f1al\u00f3 que a\u00fan no son los tiempos para abordar definiciones pol\u00edticas, pero dej\u00f3 entrever que su futuro podr\u00eda incluir una participaci\u00f3n en las pr\u00f3ximas elecciones.<\/p>\n<p style=\"text-align: justify;\">Cabe recordar que Vega Ahuatzi ya hab\u00eda buscado la candidatura en el proceso electoral de 2021, cuando se registr\u00f3 como precandidata por Morena.<\/p>\n<p style=\"text-align: justify;\">Sin embargo, tras la designaci\u00f3n en ese entonces de Gustavo Jim\u00e9nez respaldo al proyecto, aunque posteriormente se deslind\u00f3 debido a diferencias internas, lo que deriv\u00f3 en su apoyo a otras fuerzas pol\u00edticas en esa contienda.<\/p>\n","protected":false},"excerpt":{"rendered":"<p>Demian M\u00e1rquez La actual secretaria ejecutiva del Sistema de Protecci\u00f3n Integral de Ni\u00f1as, Ni\u00f1os y Adolescentes en Tlaxcala, Bel\u00e9n Vega Ahuatzi, dej\u00f3 abierta la posibilidad de contender por la presidencia municipal de Chiautempan, luego de que su nombre comenzara a mencionarse como una posible candidata de Morena rumbo a pr\u00f3ximos procesos electorales. Cuestionada sobre esta [&hellip;]<\/p>\n","protected":false},"author":5,"featured_media":66846,"comment_status":"open","ping_status":"open","sticky":false,"template":"","format":"standard","meta":{"footnotes":""},"categories":[3,7,247],"tags":[],"class_list":["post-66845","post","type-post","status-publish","format-standard","has-post-thumbnail","hentry","category-8-columnas","category-ciudadanos","category-politica"],"amp_enabled":true,"_links":{"self":[{"href":"https:\/\/labestiapolitica.com.mx\/index.php?rest_route=\/wp\/v2\/posts\/66845","targetHints":{"allow":["GET"]}}],"collection":[{"href":"https:\/\/labestiapolitica.com.mx\/index.php?rest_route=\/wp\/v2\/posts"}],"about":[{"href":"https:\/\/labestiapolitica.com.mx\/index.php?rest_route=\/wp\/v2\/types\/post"}],"author":[{"embeddable":true,"href":"https:\/\/labestiapolitica.com.mx\/index.php?rest_route=\/wp\/v2\/users\/5"}],"replies":[{"embeddable":true,"href":"https:\/\/labestiapolitica.com.mx\/index.php?rest_route=%2Fwp%2Fv2%2Fcomments&post=66845"}],"version-history":[{"count":1,"href":"https:\/\/labestiapolitica.com.mx\/index.php?rest_route=\/wp\/v2\/posts\/66845\/revisions"}],"predecessor-version":[{"id":66847,"href":"https:\/\/labestiapolitica.com.mx\/index.php?rest_route=\/wp\/v2\/posts\/66845\/revisions\/66847"}],"wp:featuredmedia":[{"embeddable":true,"href":"https:\/\/labestiapolitica.com.mx\/index.php?rest_route=\/wp\/v2\/media\/66846"}],"wp:attachment":[{"href":"https:\/\/labestiapolitica.com.mx\/index.php?rest_route=%2Fwp%2Fv2%2Fmedia&parent=66845"}],"wp:term":[{"taxonomy":"category","embeddable":true,"href":"https:\/\/labestiapolitica.com.mx\/index.php?rest_route=%2Fwp%2Fv2%2Fcategories&post=66845"},{"taxonomy":"post_tag","embeddable":true,"href":"https:\/\/labestiapolitica.com.mx\/index.php?rest_route=%2Fwp%2Fv2%2Ftags&post=66845"}],"curies":[{"name":"wp","href":"https:\/\/api.w.org\/{rel}","templated":true}]}}