{"id":66848,"date":"2026-03-17T10:24:39","date_gmt":"2026-03-17T16:24:39","guid":{"rendered":"https:\/\/labestiapolitica.com.mx\/?p=66848"},"modified":"2026-03-17T10:41:27","modified_gmt":"2026-03-17T16:41:27","slug":"persiste-conflicto-en-cecyte-sindicato-nacional-exige-a-gobernadora-intervenir-y-acusa-a-director","status":"publish","type":"post","link":"https:\/\/labestiapolitica.com.mx\/?p=66848","title":{"rendered":"Persiste conflicto en Cecyte: sindicato nacional exige a gobernadora intervenir y acusa a director."},"content":{"rendered":"<ul>\n<li style=\"text-align: justify;\">Acusan a la administraci\u00f3n de negligencia y desv\u00edo de recursos hacia actividades pol\u00edticas mientras se adeuda la primera quincena de marzo<\/li>\n<\/ul>\n<p style=\"text-align: justify;\"><em>Mariana LOVERA<\/em> | La crisis al interior del Colegio de Estudios Cient\u00edficos y Tecnol\u00f3gicos del Estado (Cecyte) Tlaxcala escal\u00f3 esta semana luego de que un grupo de docentes, administrativos y personal de apoyo tomaran las instalaciones de la Direcci\u00f3n General para exigir el pago puntual de sus salarios correspondientes a la primera quincena de marzo, los cuales \u2014denunciaron\u2014 se encuentran vencidos.<\/p>\n<p style=\"text-align: justify;\">Con pancartas en mano y consignas como \u201cqueremos nuestro salario\u201d y \u201cno al abuso\u201d, los manifestantes se\u00f1alaron directamente al director general, Blas Marvin Mora Olvera, como responsable de lo que calificaron como una \u201cnegligencia administrativa\u201d que ha vulnerado sus derechos laborales.<\/p>\n<p style=\"text-align: justify;\">Algunos de los quejosos incluso, han dejado entrever que el recurso ha sido utilizado para actos anticipados de campa\u00f1a para favorecer al edil capitalino.<\/p>\n<p style=\"text-align: justify;\">El conflicto, lejos de ser reciente, ya hab\u00eda sido advertido la semana pasada por la Confederaci\u00f3n Nacional de Sindicatos de los CECyTE\u2019s, que agrupa a m\u00e1s de 35 mil trabajadores en 29 estados. En un pronunciamiento fechado el 13 de marzo, dirigido a la gobernadora Lorena Cu\u00e9llar Cisneros, el organismo exigi\u00f3 su intervenci\u00f3n inmediata ante el incumplimiento del pago, el cual debi\u00f3 realizarse, conforme al Contrato Colectivo de Trabajo, a m\u00e1s tardar el \u00faltimo d\u00eda h\u00e1bil de la quincena.<\/p>\n<p style=\"text-align: justify;\">En el documento, la confederaci\u00f3n calific\u00f3 el hecho como una violaci\u00f3n a un derecho fundamental: \u201cel sustento de los trabajadores y sus familias\u201d, y advirti\u00f3 que respaldar\u00edan las acciones necesarias para defender sus derechos humanos y laborales.<\/p>\n<p style=\"text-align: justify;\">Pese a la gravedad de la situaci\u00f3n, hasta el momento ni el gobierno estatal ni la Direcci\u00f3n General del Colegio han emitido una postura oficial. La falta de respuesta ha incrementado la molestia entre la base trabajadora, que no descarta intensificar las movilizaciones en los pr\u00f3ximos d\u00edas.<\/p>\n<p style=\"text-align: justify;\">\u201cEsto no puede quedar as\u00ed. Exigimos respeto al contrato\u201d, advirti\u00f3 uno de los docentes.<\/p>\n","protected":false},"excerpt":{"rendered":"<p>Acusan a la administraci\u00f3n de negligencia y desv\u00edo de recursos hacia actividades pol\u00edticas mientras se adeuda la primera quincena de marzo Mariana LOVERA | La crisis al interior del Colegio de Estudios Cient\u00edficos y Tecnol\u00f3gicos del Estado (Cecyte) Tlaxcala escal\u00f3 esta semana luego de que un grupo de docentes, administrativos y personal de apoyo tomaran [&hellip;]<\/p>\n","protected":false},"author":6,"featured_media":66849,"comment_status":"open","ping_status":"open","sticky":false,"template":"","format":"standard","meta":{"footnotes":""},"categories":[3,12,213],"tags":[],"class_list":["post-66848","post","type-post","status-publish","format-standard","has-post-thumbnail","hentry","category-8-columnas","category-brujula-2026","category-educacion"],"amp_enabled":true,"_links":{"self":[{"href":"https:\/\/labestiapolitica.com.mx\/index.php?rest_route=\/wp\/v2\/posts\/66848","targetHints":{"allow":["GET"]}}],"collection":[{"href":"https:\/\/labestiapolitica.com.mx\/index.php?rest_route=\/wp\/v2\/posts"}],"about":[{"href":"https:\/\/labestiapolitica.com.mx\/index.php?rest_route=\/wp\/v2\/types\/post"}],"author":[{"embeddable":true,"href":"https:\/\/labestiapolitica.com.mx\/index.php?rest_route=\/wp\/v2\/users\/6"}],"replies":[{"embeddable":true,"href":"https:\/\/labestiapolitica.com.mx\/index.php?rest_route=%2Fwp%2Fv2%2Fcomments&post=66848"}],"version-history":[{"count":1,"href":"https:\/\/labestiapolitica.com.mx\/index.php?rest_route=\/wp\/v2\/posts\/66848\/revisions"}],"predecessor-version":[{"id":66850,"href":"https:\/\/labestiapolitica.com.mx\/index.php?rest_route=\/wp\/v2\/posts\/66848\/revisions\/66850"}],"wp:featuredmedia":[{"embeddable":true,"href":"https:\/\/labestiapolitica.com.mx\/index.php?rest_route=\/wp\/v2\/media\/66849"}],"wp:attachment":[{"href":"https:\/\/labestiapolitica.com.mx\/index.php?rest_route=%2Fwp%2Fv2%2Fmedia&parent=66848"}],"wp:term":[{"taxonomy":"category","embeddable":true,"href":"https:\/\/labestiapolitica.com.mx\/index.php?rest_route=%2Fwp%2Fv2%2Fcategories&post=66848"},{"taxonomy":"post_tag","embeddable":true,"href":"https:\/\/labestiapolitica.com.mx\/index.php?rest_route=%2Fwp%2Fv2%2Ftags&post=66848"}],"curies":[{"name":"wp","href":"https:\/\/api.w.org\/{rel}","templated":true}]}}