{"id":66851,"date":"2026-03-17T10:41:58","date_gmt":"2026-03-17T16:41:58","guid":{"rendered":"https:\/\/labestiapolitica.com.mx\/?p=66851"},"modified":"2026-03-17T10:41:58","modified_gmt":"2026-03-17T16:41:58","slug":"apizaco-logra-saldo-blanco-en-el-festival-tlaskalita-2026-con-mas-de-20-mil-asistentes","status":"publish","type":"post","link":"https:\/\/labestiapolitica.com.mx\/?p=66851","title":{"rendered":"Apizaco logra saldo blanco en el festival Tlaskalita 2026 con m\u00e1s de 20 mil asistentes."},"content":{"rendered":"<ul>\n<li style=\"text-align: justify;\">El Festival Tlaskalita se consolida como un referente de la m\u00fasica a nivel nacional, al posicionarse como un evento \u00fanico en su categor\u00eda.<\/li>\n<li style=\"text-align: justify;\">Apizaco reafirma su papel como punto estrat\u00e9gico en la regi\u00f3n en materia econ\u00f3mica, tur\u00edstica y de entretenimiento.<\/li>\n<\/ul>\n<p style=\"text-align: justify;\">Por instrucciones del presidente municipal, Javier Rivera Bonilla, el Ayuntamiento de Apizaco despleg\u00f3 un operativo integral de seguridad durante la realizaci\u00f3n del Festival Tlaskalita, llevado a cabo en el Parque And\u00e9n en el marco de la Feria de Apizaco 2026, el cual concluy\u00f3 con saldo blanco y una asistencia superior a las 20 mil personas.<\/p>\n<p style=\"text-align: justify;\">El evento se desarroll\u00f3 en un ambiente de tranquilidad, orden y sana convivencia, donde familias y j\u00f3venes disfrutaron de la m\u00fasica en un entorno festivo, bailando y cantando sin que se registraran incidentes mayores.<\/p>\n<p style=\"text-align: justify;\">Para garantizar la seguridad de las y los asistentes, se implement\u00f3 un operativo permanente con la participaci\u00f3n de elementos de Seguridad P\u00fablica Municipal, as\u00ed como la instalaci\u00f3n de m\u00f3dulos de atenci\u00f3n m\u00e9dica y la presencia de personal de Protecci\u00f3n Civil, quienes se mantuvieron en constante monitoreo y atenci\u00f3n ante cualquier eventualidad.<\/p>\n<p style=\"text-align: justify;\">De manera coordinada, se trabaj\u00f3 con instancias del Gobierno del Estado y del Gobierno de M\u00e9xico, fortaleciendo la estrategia de seguridad mediante el monitoreo permanente del Centro de Control, Comando, Comunicaciones, C\u00f3mputo, Coordinaci\u00f3n e Inteligencia (C5i), lo que permiti\u00f3 una supervisi\u00f3n en tiempo real y una respuesta oportuna.<\/p>\n<p style=\"text-align: justify;\">Gracias a la coordinaci\u00f3n entre las distintas corporaciones, el festival se desarroll\u00f3 de manera segura, brindando certeza y confianza a las y los asistentes.<\/p>\n<p style=\"text-align: justify;\">El Festival Tlaskalita se posiciona as\u00ed como un referente nacional de la m\u00fasica, consolid\u00e1ndose como un evento sin precedentes en su categor\u00eda y proyectando a Apizaco como un municipio capaz de albergar espect\u00e1culos de gran nivel.<\/p>\n<p style=\"text-align: justify;\">El Ayuntamiento de Apizaco reitera que, por instrucciones del presidente municipal, se mantienen abiertas las puertas para la realizaci\u00f3n de este tipo de eventos bajo las mejores condiciones, impulsando el desarrollo econ\u00f3mico, tur\u00edstico y social del municipio.<\/p>\n","protected":false},"excerpt":{"rendered":"<p>El Festival Tlaskalita se consolida como un referente de la m\u00fasica a nivel nacional, al posicionarse como un evento \u00fanico en su categor\u00eda. Apizaco reafirma su papel como punto estrat\u00e9gico en la regi\u00f3n en materia econ\u00f3mica, tur\u00edstica y de entretenimiento. Por instrucciones del presidente municipal, Javier Rivera Bonilla, el Ayuntamiento de Apizaco despleg\u00f3 un operativo [&hellip;]<\/p>\n","protected":false},"author":5,"featured_media":66852,"comment_status":"open","ping_status":"open","sticky":false,"template":"","format":"standard","meta":{"footnotes":""},"categories":[226,216],"tags":[],"class_list":["post-66851","post","type-post","status-publish","format-standard","has-post-thumbnail","hentry","category-apizaco","category-municipios"],"amp_enabled":true,"_links":{"self":[{"href":"https:\/\/labestiapolitica.com.mx\/index.php?rest_route=\/wp\/v2\/posts\/66851","targetHints":{"allow":["GET"]}}],"collection":[{"href":"https:\/\/labestiapolitica.com.mx\/index.php?rest_route=\/wp\/v2\/posts"}],"about":[{"href":"https:\/\/labestiapolitica.com.mx\/index.php?rest_route=\/wp\/v2\/types\/post"}],"author":[{"embeddable":true,"href":"https:\/\/labestiapolitica.com.mx\/index.php?rest_route=\/wp\/v2\/users\/5"}],"replies":[{"embeddable":true,"href":"https:\/\/labestiapolitica.com.mx\/index.php?rest_route=%2Fwp%2Fv2%2Fcomments&post=66851"}],"version-history":[{"count":1,"href":"https:\/\/labestiapolitica.com.mx\/index.php?rest_route=\/wp\/v2\/posts\/66851\/revisions"}],"predecessor-version":[{"id":66853,"href":"https:\/\/labestiapolitica.com.mx\/index.php?rest_route=\/wp\/v2\/posts\/66851\/revisions\/66853"}],"wp:featuredmedia":[{"embeddable":true,"href":"https:\/\/labestiapolitica.com.mx\/index.php?rest_route=\/wp\/v2\/media\/66852"}],"wp:attachment":[{"href":"https:\/\/labestiapolitica.com.mx\/index.php?rest_route=%2Fwp%2Fv2%2Fmedia&parent=66851"}],"wp:term":[{"taxonomy":"category","embeddable":true,"href":"https:\/\/labestiapolitica.com.mx\/index.php?rest_route=%2Fwp%2Fv2%2Fcategories&post=66851"},{"taxonomy":"post_tag","embeddable":true,"href":"https:\/\/labestiapolitica.com.mx\/index.php?rest_route=%2Fwp%2Fv2%2Ftags&post=66851"}],"curies":[{"name":"wp","href":"https:\/\/api.w.org\/{rel}","templated":true}]}}