{"id":66898,"date":"2026-03-17T16:02:25","date_gmt":"2026-03-17T22:02:25","guid":{"rendered":"https:\/\/labestiapolitica.com.mx\/?p=66898"},"modified":"2026-03-17T16:59:41","modified_gmt":"2026-03-17T22:59:41","slug":"alcalde-de-papalotla-senala-ausencia-de-su-homologo-de-mazatecochco-en-mesa-ambiental","status":"publish","type":"post","link":"https:\/\/labestiapolitica.com.mx\/?p=66898","title":{"rendered":"Alcalde de Papalotla se\u00f1ala ausencia de su hom\u00f3logo de Mazatecochco en mesa ambiental"},"content":{"rendered":"<p class=\"p1\" style=\"text-align: justify;\">Mariana LOVERA\/\/ La crisis ecol\u00f3gica en el r\u00edo Zahuapan sum\u00f3 un nuevo cap\u00edtulo de tensi\u00f3n intermunicipal luego de que el presidente municipal de Papalotla, Sergio Lara Mu\u00f1oz, evidenciara la falta de compromiso de su hom\u00f3logo de Mazatecochco, Emilio Gonz\u00e1lez Cort\u00e9s, al no presentarse a una reuni\u00f3n clave convocada por el gobierno estatal.<\/p>\n<p class=\"p1\" style=\"text-align: justify;\"><span class=\"s1\">La mesa de trabajo, celebrada este martes en las instalaciones de la Secretar\u00eda de Gobierno de Tlaxcala, ten\u00eda como objetivo central abordar las descargas irregulares de aguas residuales que afectan la zona, presuntamente provenientes de la industria textil y de la planta tratadora fuera de operaci\u00f3n en el municipio vecino.<\/span><\/p>\n<p class=\"p1\" style=\"text-align: justify;\"><span class=\"s1\">En entrevista al t\u00e9rmino del encuentro con el secretario de Gobierno, Luis Antonio Ram\u00edrez, el edil de Papalotla no ocult\u00f3 su malestar ante la silla vac\u00eda dejada por Gonz\u00e1lez Cort\u00e9s. <\/span><\/p>\n<p class=\"p1\" style=\"text-align: justify;\"><span class=\"s1\">Durante la reuni\u00f3n, se delinearon acciones urgentes como la verificaci\u00f3n de pozos de agua a cargo de la Secretar\u00eda de Salud y operativos de inspecci\u00f3n ambiental en coordinaci\u00f3n con la Comisi\u00f3n Nacional del Agua (Conagua) y la Procuradur\u00eda Federal de Protecci\u00f3n al Ambiente (Profepa). Sin embargo, para el alcalde de Papalotla, estas medidas resultar\u00e1n insuficientes si Mazatecochlo no asume su responsabilidad directa: la rehabilitaci\u00f3n de su planta tratadora, actualmente inactiva y se\u00f1alada como un foco de contaminaci\u00f3n.<\/span><\/p>\n<p class=\"p1\" style=\"text-align: justify;\"><span class=\"s1\">Lara Mu\u00f1oz fue enf\u00e1tico al se\u00f1alar que la omisi\u00f3n de su hom\u00f3logo no solo retrasa las soluciones t\u00e9cnicas, sino que evidencia una preocupante falta de voluntad pol\u00edtica para enfrentar un problema que trasciende fronteras municipales, advirti\u00f3.<\/span><\/p>\n<p class=\"p1\" style=\"text-align: justify;\"><span class=\"s1\">Aunque hasta el momento no se han reportado afectaciones directas a la salud, el edil subray\u00f3 que las acciones emprendidas son de car\u00e1cter preventivo, y que su administraci\u00f3n ya ha comenzado a implementar supervisiones inmediatas en territorio papalotense, adem\u00e1s de gestionar recursos ante instancias estatales y federales.<\/span><\/p>\n<p class=\"p1\" style=\"text-align: justify;\"><span class=\"s1\">Como parte de los acuerdos, se plante\u00f3 la necesidad de construir un plan rector regional que incluya tambi\u00e9n al municipio de Xicohtzinco. No obstante, el mensaje final de Lara Mu\u00f1oz fue claro: cualquier estrategia que se dise\u00f1e ser\u00e1 incompleta sin la participaci\u00f3n activa, el compromiso y la inversi\u00f3n real por parte de Mazatecochco para sanear sus descargas.<\/span><\/p>\n","protected":false},"excerpt":{"rendered":"<p>Mariana LOVERA\/\/ La crisis ecol\u00f3gica en el r\u00edo Zahuapan sum\u00f3 un nuevo cap\u00edtulo de tensi\u00f3n intermunicipal luego de que el presidente municipal de Papalotla, Sergio Lara Mu\u00f1oz, evidenciara la falta de compromiso de su hom\u00f3logo de Mazatecochco, Emilio Gonz\u00e1lez Cort\u00e9s, al no presentarse a una reuni\u00f3n clave convocada por el gobierno estatal. La mesa de [&hellip;]<\/p>\n","protected":false},"author":6,"featured_media":66901,"comment_status":"open","ping_status":"open","sticky":false,"template":"","format":"standard","meta":{"footnotes":""},"categories":[3,216],"tags":[],"class_list":["post-66898","post","type-post","status-publish","format-standard","has-post-thumbnail","hentry","category-8-columnas","category-municipios"],"amp_enabled":true,"_links":{"self":[{"href":"https:\/\/labestiapolitica.com.mx\/index.php?rest_route=\/wp\/v2\/posts\/66898","targetHints":{"allow":["GET"]}}],"collection":[{"href":"https:\/\/labestiapolitica.com.mx\/index.php?rest_route=\/wp\/v2\/posts"}],"about":[{"href":"https:\/\/labestiapolitica.com.mx\/index.php?rest_route=\/wp\/v2\/types\/post"}],"author":[{"embeddable":true,"href":"https:\/\/labestiapolitica.com.mx\/index.php?rest_route=\/wp\/v2\/users\/6"}],"replies":[{"embeddable":true,"href":"https:\/\/labestiapolitica.com.mx\/index.php?rest_route=%2Fwp%2Fv2%2Fcomments&post=66898"}],"version-history":[{"count":1,"href":"https:\/\/labestiapolitica.com.mx\/index.php?rest_route=\/wp\/v2\/posts\/66898\/revisions"}],"predecessor-version":[{"id":66902,"href":"https:\/\/labestiapolitica.com.mx\/index.php?rest_route=\/wp\/v2\/posts\/66898\/revisions\/66902"}],"wp:featuredmedia":[{"embeddable":true,"href":"https:\/\/labestiapolitica.com.mx\/index.php?rest_route=\/wp\/v2\/media\/66901"}],"wp:attachment":[{"href":"https:\/\/labestiapolitica.com.mx\/index.php?rest_route=%2Fwp%2Fv2%2Fmedia&parent=66898"}],"wp:term":[{"taxonomy":"category","embeddable":true,"href":"https:\/\/labestiapolitica.com.mx\/index.php?rest_route=%2Fwp%2Fv2%2Fcategories&post=66898"},{"taxonomy":"post_tag","embeddable":true,"href":"https:\/\/labestiapolitica.com.mx\/index.php?rest_route=%2Fwp%2Fv2%2Ftags&post=66898"}],"curies":[{"name":"wp","href":"https:\/\/api.w.org\/{rel}","templated":true}]}}