{"id":66904,"date":"2026-03-17T16:55:39","date_gmt":"2026-03-17T22:55:39","guid":{"rendered":"https:\/\/labestiapolitica.com.mx\/?p=66904"},"modified":"2026-03-17T16:55:39","modified_gmt":"2026-03-17T22:55:39","slug":"ultimos-dias-para-inscribirse-al-programa-de-mantenimiento-con-subsidio-para-calentador-solar-en-ixtenco","status":"publish","type":"post","link":"https:\/\/labestiapolitica.com.mx\/?p=66904","title":{"rendered":"\u00daltimos d\u00edas para inscribirse al programa de mantenimiento con subsidio para calentador solar en Ixtenco."},"content":{"rendered":"<div style=\"text-align: justify;\">El Gobierno Municipal de Ixtenco, encabezado por la presidenta municipal Aline Lazo Caballero, informa a la ciudadan\u00eda que hoy y ma\u00f1ana son los \u00faltimos d\u00edas para realizar el registro al programa de mantenimiento con subsidio para calentador solar, una acci\u00f3n que busca apoyar la econom\u00eda de las familias del municipio y fomentar el uso de energ\u00edas limpias.<\/div>\n<div style=\"text-align: justify;\"><\/div>\n<div style=\"text-align: justify;\">A trav\u00e9s de este programa, las y los beneficiarios podr\u00e1n acceder al servicio de mantenimiento de su calentador solar pagando \u00fanicamente 700 pesos, cuando el costo regular es de 1,200 pesos, gracias al subsidio otorgado.<\/div>\n<div style=\"text-align: justify;\"><\/div>\n<div style=\"text-align: justify;\">Las inscripciones se realizan en la Oficina de Bienestar Municipal, en un horario de 1:00 a 2:00 de la tarde y de 3:00 a 4:00 de la tarde.<\/div>\n<div style=\"text-align: justify;\"><\/div>\n<div style=\"text-align: justify;\">Para completar el registro, las personas interesadas deber\u00e1n presentar los siguientes documentos:<\/div>\n<ul style=\"text-align: justify;\">\n<li>Copia de INE<\/li>\n<li>Comprobante de domicilio (agua o luz)<\/li>\n<\/ul>\n<div style=\"text-align: justify;\"><\/div>\n<div style=\"text-align: justify;\">El Gobierno Municipal reiter\u00f3 la invitaci\u00f3n a las familias de Ixtenco a aprovechar este apoyo durante los \u00faltimos d\u00edas de inscripci\u00f3n, con el objetivo de mantener en buen estado sus equipos y seguir impulsando alternativas sustentables que contribuyan al bienestar del municipio.<\/div>\n<div style=\"text-align: justify;\"><\/div>\n<div style=\"text-align: justify;\">Para mayores informes, la ciudadan\u00eda puede comunicarse al n\u00famero 222 844 1974.<\/div>\n","protected":false},"excerpt":{"rendered":"<p>El Gobierno Municipal de Ixtenco, encabezado por la presidenta municipal Aline Lazo Caballero, informa a la ciudadan\u00eda que hoy y ma\u00f1ana son los \u00faltimos d\u00edas para realizar el registro al programa de mantenimiento con subsidio para calentador solar, una acci\u00f3n que busca apoyar la econom\u00eda de las familias del municipio y fomentar el uso de [&hellip;]<\/p>\n","protected":false},"author":5,"featured_media":66905,"comment_status":"open","ping_status":"open","sticky":false,"template":"","format":"standard","meta":{"footnotes":""},"categories":[257,216],"tags":[],"class_list":["post-66904","post","type-post","status-publish","format-standard","has-post-thumbnail","hentry","category-ixtenco","category-municipios"],"amp_enabled":true,"_links":{"self":[{"href":"https:\/\/labestiapolitica.com.mx\/index.php?rest_route=\/wp\/v2\/posts\/66904","targetHints":{"allow":["GET"]}}],"collection":[{"href":"https:\/\/labestiapolitica.com.mx\/index.php?rest_route=\/wp\/v2\/posts"}],"about":[{"href":"https:\/\/labestiapolitica.com.mx\/index.php?rest_route=\/wp\/v2\/types\/post"}],"author":[{"embeddable":true,"href":"https:\/\/labestiapolitica.com.mx\/index.php?rest_route=\/wp\/v2\/users\/5"}],"replies":[{"embeddable":true,"href":"https:\/\/labestiapolitica.com.mx\/index.php?rest_route=%2Fwp%2Fv2%2Fcomments&post=66904"}],"version-history":[{"count":1,"href":"https:\/\/labestiapolitica.com.mx\/index.php?rest_route=\/wp\/v2\/posts\/66904\/revisions"}],"predecessor-version":[{"id":66906,"href":"https:\/\/labestiapolitica.com.mx\/index.php?rest_route=\/wp\/v2\/posts\/66904\/revisions\/66906"}],"wp:featuredmedia":[{"embeddable":true,"href":"https:\/\/labestiapolitica.com.mx\/index.php?rest_route=\/wp\/v2\/media\/66905"}],"wp:attachment":[{"href":"https:\/\/labestiapolitica.com.mx\/index.php?rest_route=%2Fwp%2Fv2%2Fmedia&parent=66904"}],"wp:term":[{"taxonomy":"category","embeddable":true,"href":"https:\/\/labestiapolitica.com.mx\/index.php?rest_route=%2Fwp%2Fv2%2Fcategories&post=66904"},{"taxonomy":"post_tag","embeddable":true,"href":"https:\/\/labestiapolitica.com.mx\/index.php?rest_route=%2Fwp%2Fv2%2Ftags&post=66904"}],"curies":[{"name":"wp","href":"https:\/\/api.w.org\/{rel}","templated":true}]}}