{"id":66907,"date":"2026-03-17T16:59:29","date_gmt":"2026-03-17T22:59:29","guid":{"rendered":"https:\/\/labestiapolitica.com.mx\/?p=66907"},"modified":"2026-03-17T16:59:29","modified_gmt":"2026-03-17T22:59:29","slug":"ayuntamiento-de-tlaxcala-fue-sede-de-la-segunda-etapa-de-seleccion-del-parlamento-infantil-2026","status":"publish","type":"post","link":"https:\/\/labestiapolitica.com.mx\/?p=66907","title":{"rendered":"Ayuntamiento de Tlaxcala fue sede de la segunda etapa de selecci\u00f3n del parlamento infantil 2026."},"content":{"rendered":"<p style=\"text-align: justify;\">La sede del Ayuntamiento de Tlaxcala fue escenario este martes de la segunda etapa de selecci\u00f3n del 17\u00b0 Parlamento Infantil Tlaxcala 2026, donde 18 ni\u00f1as y ni\u00f1os del distrito local 7 participaron en un ejercicio de an\u00e1lisis, di\u00e1logo y evaluaci\u00f3n enfocado en temas como democracia, justicia e igualdad.<\/p>\n<p style=\"text-align: justify;\">La jornada se realiz\u00f3 en coordinaci\u00f3n con la Comisi\u00f3n Estatal de los Derechos Humanos de Tlaxcala a trav\u00e9s del Sistema Municipal DIF, lo que consolid\u00f3 al municipio como sede de este proceso en su car\u00e1cter de cabecera distrital.<\/p>\n<p style=\"text-align: justify;\">Esta fase forma parte de un mecanismo escalonado que inici\u00f3 con la convocatoria del Congreso del Estado y que continuar\u00e1 con etapas posteriores a cargo del Instituto Tlaxcalteca de Elecciones (ITE).<\/p>\n<p style=\"text-align: justify;\">Durante el encuentro, las y los participantes expusieron sus ideas y formaron parte de un ejercicio de evaluaci\u00f3n participativa, en el que calificaron las intervenciones de sus compa\u00f1eras y compa\u00f1eros, al fortalecer valores como el respeto, la escucha activa y la construcci\u00f3n colectiva.<\/p>\n<p style=\"text-align: justify;\">Tras este proceso, fueron seleccionadas Lia Angelline, Ellie Paulett, Nicole y Nahomi Zoe, as\u00ed como V\u00edctor, Yael Armando, Yeshua Hazziel y Lev Mauricio, quienes obtuvieron los puntajes m\u00e1s altos y representar\u00e1n al distrito local 7 en la siguiente etapa del Parlamento Infantil.<\/p>\n<p style=\"text-align: justify;\">El evento tambi\u00e9n sirvi\u00f3 para reconocer el esfuerzo de todas y todos los participantes, por lo que, al cierre de la jornada, la directora del SMDIF, Karina Yazm\u00edn Medel Madrid, encabez\u00f3 la entrega de constancias, tras destacar la dedicaci\u00f3n y entusiasmo de la ni\u00f1ez involucrada en este ejercicio c\u00edvico.<\/p>\n<p style=\"text-align: justify;\">Cabe destacar que el Parlamento Infantil se mantiene como una plataforma clave para fomentar la participaci\u00f3n de la ni\u00f1ez en la vida p\u00fablica, al promover sus derechos y fortalecer desde edades tempranas una cultura democr\u00e1tica incluyente.<\/p>\n","protected":false},"excerpt":{"rendered":"<p>La sede del Ayuntamiento de Tlaxcala fue escenario este martes de la segunda etapa de selecci\u00f3n del 17\u00b0 Parlamento Infantil Tlaxcala 2026, donde 18 ni\u00f1as y ni\u00f1os del distrito local 7 participaron en un ejercicio de an\u00e1lisis, di\u00e1logo y evaluaci\u00f3n enfocado en temas como democracia, justicia e igualdad. La jornada se realiz\u00f3 en coordinaci\u00f3n con [&hellip;]<\/p>\n","protected":false},"author":5,"featured_media":66909,"comment_status":"open","ping_status":"open","sticky":false,"template":"","format":"standard","meta":{"footnotes":""},"categories":[216,214],"tags":[],"class_list":["post-66907","post","type-post","status-publish","format-standard","has-post-thumbnail","hentry","category-municipios","category-tlaxcala-capital"],"amp_enabled":true,"_links":{"self":[{"href":"https:\/\/labestiapolitica.com.mx\/index.php?rest_route=\/wp\/v2\/posts\/66907","targetHints":{"allow":["GET"]}}],"collection":[{"href":"https:\/\/labestiapolitica.com.mx\/index.php?rest_route=\/wp\/v2\/posts"}],"about":[{"href":"https:\/\/labestiapolitica.com.mx\/index.php?rest_route=\/wp\/v2\/types\/post"}],"author":[{"embeddable":true,"href":"https:\/\/labestiapolitica.com.mx\/index.php?rest_route=\/wp\/v2\/users\/5"}],"replies":[{"embeddable":true,"href":"https:\/\/labestiapolitica.com.mx\/index.php?rest_route=%2Fwp%2Fv2%2Fcomments&post=66907"}],"version-history":[{"count":1,"href":"https:\/\/labestiapolitica.com.mx\/index.php?rest_route=\/wp\/v2\/posts\/66907\/revisions"}],"predecessor-version":[{"id":66910,"href":"https:\/\/labestiapolitica.com.mx\/index.php?rest_route=\/wp\/v2\/posts\/66907\/revisions\/66910"}],"wp:featuredmedia":[{"embeddable":true,"href":"https:\/\/labestiapolitica.com.mx\/index.php?rest_route=\/wp\/v2\/media\/66909"}],"wp:attachment":[{"href":"https:\/\/labestiapolitica.com.mx\/index.php?rest_route=%2Fwp%2Fv2%2Fmedia&parent=66907"}],"wp:term":[{"taxonomy":"category","embeddable":true,"href":"https:\/\/labestiapolitica.com.mx\/index.php?rest_route=%2Fwp%2Fv2%2Fcategories&post=66907"},{"taxonomy":"post_tag","embeddable":true,"href":"https:\/\/labestiapolitica.com.mx\/index.php?rest_route=%2Fwp%2Fv2%2Ftags&post=66907"}],"curies":[{"name":"wp","href":"https:\/\/api.w.org\/{rel}","templated":true}]}}