{"id":66934,"date":"2026-03-17T19:02:17","date_gmt":"2026-03-18T01:02:17","guid":{"rendered":"https:\/\/labestiapolitica.com.mx\/?p=66934"},"modified":"2026-03-17T19:02:17","modified_gmt":"2026-03-18T01:02:17","slug":"huamantla-recibe-estafeta-rumbo-a-2027-en-encuentro-internacional-de-saberes-culturales","status":"publish","type":"post","link":"https:\/\/labestiapolitica.com.mx\/?p=66934","title":{"rendered":"Huamantla recibe estafeta rumbo a 2027 en Encuentro Internacional de Saberes Culturales."},"content":{"rendered":"<p style=\"text-align: justify;\">En el marco del Tercer Encuentro Internacional de Saberes Culturales, Artes, Oficios y Turismo Comunitario, realizado este viernes en Tlaxco, Huamantla recibi\u00f3, junto con Apizaco, la estafeta para ser sede en 2027 de este importante espacio de intercambio cultural y tur\u00edstico.<\/p>\n<p style=\"text-align: justify;\">En representaci\u00f3n del Presidente Municipal de Huamantla, Juan Salvador Santos Cedillo, asisti\u00f3 la Lic. Brizeyla Iveet Rodr\u00edguez L\u00f3pez, S\u00edndico Municipal de Huamantla, quien particip\u00f3 en el acto protocolario donde se formaliz\u00f3 este relevo.<\/p>\n<p style=\"text-align: justify;\">En el evento estuvieron presentes la Presidenta Municipal de Tlaxco, la Presidenta Municipal de Ixtenco, el Presidente Municipal de Apizaco, el Secretario de Turismo del Estado de Tlaxcala, embajadores culturales de Colombia, as\u00ed como Marco Antonio Galindo Vallejo, Director de Turismo, Cultura y Desarrollo Taurino del Municipio de Huamantla.<\/p>\n<p style=\"text-align: justify;\">Durante la jornada se compartieron tradiciones de Colombia, se explic\u00f3 el sentido de los Encuentros de Saberes Culturales y posteriormente se realiz\u00f3 un recorrido por el \u00e1rea artesanal, reafirmando el valor de estos espacios para fortalecer la identidad, los oficios tradicionales y el turismo comunitario.<\/p>\n<p style=\"text-align: justify;\">La participaci\u00f3n de Huamantla se da en coordinaci\u00f3n con el Gobierno del Estado de Tlaxcala y la Secretar\u00eda de Turismo del Estado, cuyo impulso ha sido fundamental para consolidar una agenda cultural y tur\u00edstica de alcance internacional.<\/p>\n<p style=\"text-align: justify;\">Este logro se alinea con la visi\u00f3n del presidente Juan Salvador Santos Cedillo y con el Plan Municipal de Desarrollo 2024-2027, al fortalecer la identidad huamantleca, proyectar el patrimonio cultural del municipio y generar oportunidades de desarrollo desde la cultura y el turismo.<\/p>\n<p style=\"text-align: justify;\">Desde la Direcci\u00f3n de Turismo, Cultura y Desarrollo Taurino, encabezada por Marco Antonio Galindo Vallejo, se da seguimiento a esta agenda mediante acciones de promoci\u00f3n, vinculaci\u00f3n y representaci\u00f3n institucional para posicionar a Huamantla como referente cultural y tur\u00edstico.<\/p>\n","protected":false},"excerpt":{"rendered":"<p>En el marco del Tercer Encuentro Internacional de Saberes Culturales, Artes, Oficios y Turismo Comunitario, realizado este viernes en Tlaxco, Huamantla recibi\u00f3, junto con Apizaco, la estafeta para ser sede en 2027 de este importante espacio de intercambio cultural y tur\u00edstico. En representaci\u00f3n del Presidente Municipal de Huamantla, Juan Salvador Santos Cedillo, asisti\u00f3 la Lic. [&hellip;]<\/p>\n","protected":false},"author":5,"featured_media":66935,"comment_status":"open","ping_status":"open","sticky":false,"template":"","format":"standard","meta":{"footnotes":""},"categories":[220,216],"tags":[],"class_list":["post-66934","post","type-post","status-publish","format-standard","has-post-thumbnail","hentry","category-huamantla","category-municipios"],"amp_enabled":true,"_links":{"self":[{"href":"https:\/\/labestiapolitica.com.mx\/index.php?rest_route=\/wp\/v2\/posts\/66934","targetHints":{"allow":["GET"]}}],"collection":[{"href":"https:\/\/labestiapolitica.com.mx\/index.php?rest_route=\/wp\/v2\/posts"}],"about":[{"href":"https:\/\/labestiapolitica.com.mx\/index.php?rest_route=\/wp\/v2\/types\/post"}],"author":[{"embeddable":true,"href":"https:\/\/labestiapolitica.com.mx\/index.php?rest_route=\/wp\/v2\/users\/5"}],"replies":[{"embeddable":true,"href":"https:\/\/labestiapolitica.com.mx\/index.php?rest_route=%2Fwp%2Fv2%2Fcomments&post=66934"}],"version-history":[{"count":1,"href":"https:\/\/labestiapolitica.com.mx\/index.php?rest_route=\/wp\/v2\/posts\/66934\/revisions"}],"predecessor-version":[{"id":66936,"href":"https:\/\/labestiapolitica.com.mx\/index.php?rest_route=\/wp\/v2\/posts\/66934\/revisions\/66936"}],"wp:featuredmedia":[{"embeddable":true,"href":"https:\/\/labestiapolitica.com.mx\/index.php?rest_route=\/wp\/v2\/media\/66935"}],"wp:attachment":[{"href":"https:\/\/labestiapolitica.com.mx\/index.php?rest_route=%2Fwp%2Fv2%2Fmedia&parent=66934"}],"wp:term":[{"taxonomy":"category","embeddable":true,"href":"https:\/\/labestiapolitica.com.mx\/index.php?rest_route=%2Fwp%2Fv2%2Fcategories&post=66934"},{"taxonomy":"post_tag","embeddable":true,"href":"https:\/\/labestiapolitica.com.mx\/index.php?rest_route=%2Fwp%2Fv2%2Ftags&post=66934"}],"curies":[{"name":"wp","href":"https:\/\/api.w.org\/{rel}","templated":true}]}}