{"id":66937,"date":"2026-03-17T19:05:07","date_gmt":"2026-03-18T01:05:07","guid":{"rendered":"https:\/\/labestiapolitica.com.mx\/?p=66937"},"modified":"2026-03-17T19:05:07","modified_gmt":"2026-03-18T01:05:07","slug":"invierten-900-mil-pesos-en-adoquinamiento-de-calle-en-comunidad-de-xaltocan","status":"publish","type":"post","link":"https:\/\/labestiapolitica.com.mx\/?p=66937","title":{"rendered":"Invierten 900 mil pesos en adoquinamiento de calle en comunidad de Xaltocan."},"content":{"rendered":"<p style=\"text-align: justify;\"><em>Demian M\u00e1rquez<\/em><\/p>\n<p style=\"text-align: justify;\">El ayuntamiento de Xaltocan inici\u00f3 la segunda etapa de obra de adoquinamiento en la calle Primero de Mayo, ubicada en la comunidad de Cuatla, con una inversi\u00f3n de 900 mil pesos provenientes del Fondo de Aportaciones para la Infraestructura Social Municipal (FISM).<\/p>\n<p style=\"text-align: justify;\">El proyecto contempla la colocaci\u00f3n de mil 500 metros cuadrados de adoqu\u00edn, adem\u00e1s de trabajos complementarios.<\/p>\n<p style=\"text-align: justify;\">El presidente municipal, Jos\u00e9 Luis Hern\u00e1ndez V\u00e1zquez, explic\u00f3 que esta obra forma parte de los recursos federales destinados a mejorar la infraestructura b\u00e1sica en las comunidades, los cuales se distribuyen en las distintas localidades del municipio para atender necesidades prioritarias.<\/p>\n<p style=\"text-align: justify;\">Detall\u00f3 que, aunque el beneficio directo es para alrededor de 20 familias, la obra tendr\u00e1 un impacto mayor al funcionar como una v\u00eda alterna de circulaci\u00f3n, especialmente cuando otras calles principales se encuentren cerradas, lo que facilitar\u00e1 la movilidad de los habitantes.<\/p>\n<p style=\"text-align: justify;\">El edil agreg\u00f3 que, adem\u00e1s de este tipo de obras, el gobierno municipal mantiene programas sociales como la entrega de calentadores solares, equipos de c\u00f3mputo y apoyos para peque\u00f1os negocios, con el objetivo de mejorar la calidad de vida y fortalecer la econom\u00eda de las familias en Xaltocan.<\/p>\n","protected":false},"excerpt":{"rendered":"<p>Demian M\u00e1rquez El ayuntamiento de Xaltocan inici\u00f3 la segunda etapa de obra de adoquinamiento en la calle Primero de Mayo, ubicada en la comunidad de Cuatla, con una inversi\u00f3n de 900 mil pesos provenientes del Fondo de Aportaciones para la Infraestructura Social Municipal (FISM). El proyecto contempla la colocaci\u00f3n de mil 500 metros cuadrados de [&hellip;]<\/p>\n","protected":false},"author":5,"featured_media":66938,"comment_status":"open","ping_status":"open","sticky":false,"template":"","format":"standard","meta":{"footnotes":""},"categories":[3,7,216,228],"tags":[],"class_list":["post-66937","post","type-post","status-publish","format-standard","has-post-thumbnail","hentry","category-8-columnas","category-ciudadanos","category-municipios","category-xaltocan"],"amp_enabled":true,"_links":{"self":[{"href":"https:\/\/labestiapolitica.com.mx\/index.php?rest_route=\/wp\/v2\/posts\/66937","targetHints":{"allow":["GET"]}}],"collection":[{"href":"https:\/\/labestiapolitica.com.mx\/index.php?rest_route=\/wp\/v2\/posts"}],"about":[{"href":"https:\/\/labestiapolitica.com.mx\/index.php?rest_route=\/wp\/v2\/types\/post"}],"author":[{"embeddable":true,"href":"https:\/\/labestiapolitica.com.mx\/index.php?rest_route=\/wp\/v2\/users\/5"}],"replies":[{"embeddable":true,"href":"https:\/\/labestiapolitica.com.mx\/index.php?rest_route=%2Fwp%2Fv2%2Fcomments&post=66937"}],"version-history":[{"count":1,"href":"https:\/\/labestiapolitica.com.mx\/index.php?rest_route=\/wp\/v2\/posts\/66937\/revisions"}],"predecessor-version":[{"id":66939,"href":"https:\/\/labestiapolitica.com.mx\/index.php?rest_route=\/wp\/v2\/posts\/66937\/revisions\/66939"}],"wp:featuredmedia":[{"embeddable":true,"href":"https:\/\/labestiapolitica.com.mx\/index.php?rest_route=\/wp\/v2\/media\/66938"}],"wp:attachment":[{"href":"https:\/\/labestiapolitica.com.mx\/index.php?rest_route=%2Fwp%2Fv2%2Fmedia&parent=66937"}],"wp:term":[{"taxonomy":"category","embeddable":true,"href":"https:\/\/labestiapolitica.com.mx\/index.php?rest_route=%2Fwp%2Fv2%2Fcategories&post=66937"},{"taxonomy":"post_tag","embeddable":true,"href":"https:\/\/labestiapolitica.com.mx\/index.php?rest_route=%2Fwp%2Fv2%2Ftags&post=66937"}],"curies":[{"name":"wp","href":"https:\/\/api.w.org\/{rel}","templated":true}]}}