{"id":66940,"date":"2026-03-17T19:10:42","date_gmt":"2026-03-18T01:10:42","guid":{"rendered":"https:\/\/labestiapolitica.com.mx\/?p=66940"},"modified":"2026-03-17T19:10:42","modified_gmt":"2026-03-18T01:10:42","slug":"desarrollo-humano-sera-el-eje-del-encuentro-del-m20-de-la-onu-que-tendra-sede-en-la-capital-confirma-alfonso-sanchez-garcia","status":"publish","type":"post","link":"https:\/\/labestiapolitica.com.mx\/?p=66940","title":{"rendered":"Desarrollo humano ser\u00e1 el eje del encuentro del M20 de la ONU que tendr\u00e1 sede en la Capital, confirma Alfonso S\u00e1nchez Garc\u00eda."},"content":{"rendered":"<ul>\n<li style=\"text-align: justify;\">La reuni\u00f3n se desarrollar\u00e1 este mi\u00e9rcoles 18 de marzo en la joya arquitect\u00f3nica del Ex Convento de San Francisco<\/li>\n<\/ul>\n<p style=\"text-align: justify;\">Con una agenda centrada en el fortalecimiento del desarrollo humano y el intercambio de buenas pr\u00e1cticas de gobierno iniciar\u00e1 este mi\u00e9rcoles la reuni\u00f3n de la Red M20 del Programa de las Naciones Unidas para el Desarrollo (PNUD), la cual tendr\u00e1 como sede la joya arquitect\u00f3nica del Ex Convento de San Francisco de la capital, confirm\u00f3 el alcalde Alfonso S\u00e1nchez Garc\u00eda.<\/p>\n<p style=\"text-align: justify;\">En este encuentro, que reunir\u00e1 a presidentes municipales provenientes de ciudades con los m\u00e1s altos niveles de bienestar en M\u00e9xico, se buscar\u00e1 centrar el di\u00e1logo en traducir indicadores en acciones concretas que mejoren la calidad de vida de la poblaci\u00f3n, abund\u00f3 S\u00e1nchez Garc\u00eda en su calidad de vicepresidente de la red M20.<\/p>\n<p style=\"text-align: justify;\">De igual forma, se realizar\u00e1 la Presentaci\u00f3n de Buenas Pr\u00e1cticas Municipales del M20, donde las y los alcaldes compartir\u00e1n experiencias exitosas en materia de innovaci\u00f3n gubernamental, desarrollo social, planeaci\u00f3n urbana y participaci\u00f3n ciudadana, con miras a replicar modelos efectivos en otras localidades del pa\u00eds.<\/p>\n<p style=\"text-align: justify;\">El evento tendr\u00e1 lugar en el Ex Convento de San Francisco, recinto hist\u00f3rico declarado Patrimonio Mundial por la UNESCO, cuya preservaci\u00f3n ha sido impulsada por el gobierno municipal encabezado por el alcalde Alfonso S\u00e1nchez Garc\u00eda, quien adem\u00e1s logr\u00f3 la recuperaci\u00f3n de espacios emblem\u00e1ticos como la Plaza Xicoht\u00e9ncatl con el regreso de artesanos.<\/p>\n<p style=\"text-align: justify;\">Cabe destacar que el encuentro del M20 posiciona a Tlaxcala en la agenda nacional e internacional y adem\u00e1s refuerza su compromiso con un modelo de desarrollo basado en resultados, cooperaci\u00f3n y bienestar social.<\/p>\n","protected":false},"excerpt":{"rendered":"<p>La reuni\u00f3n se desarrollar\u00e1 este mi\u00e9rcoles 18 de marzo en la joya arquitect\u00f3nica del Ex Convento de San Francisco Con una agenda centrada en el fortalecimiento del desarrollo humano y el intercambio de buenas pr\u00e1cticas de gobierno iniciar\u00e1 este mi\u00e9rcoles la reuni\u00f3n de la Red M20 del Programa de las Naciones Unidas para el Desarrollo [&hellip;]<\/p>\n","protected":false},"author":5,"featured_media":66941,"comment_status":"open","ping_status":"open","sticky":false,"template":"","format":"standard","meta":{"footnotes":""},"categories":[216,214],"tags":[],"class_list":["post-66940","post","type-post","status-publish","format-standard","has-post-thumbnail","hentry","category-municipios","category-tlaxcala-capital"],"amp_enabled":true,"_links":{"self":[{"href":"https:\/\/labestiapolitica.com.mx\/index.php?rest_route=\/wp\/v2\/posts\/66940","targetHints":{"allow":["GET"]}}],"collection":[{"href":"https:\/\/labestiapolitica.com.mx\/index.php?rest_route=\/wp\/v2\/posts"}],"about":[{"href":"https:\/\/labestiapolitica.com.mx\/index.php?rest_route=\/wp\/v2\/types\/post"}],"author":[{"embeddable":true,"href":"https:\/\/labestiapolitica.com.mx\/index.php?rest_route=\/wp\/v2\/users\/5"}],"replies":[{"embeddable":true,"href":"https:\/\/labestiapolitica.com.mx\/index.php?rest_route=%2Fwp%2Fv2%2Fcomments&post=66940"}],"version-history":[{"count":1,"href":"https:\/\/labestiapolitica.com.mx\/index.php?rest_route=\/wp\/v2\/posts\/66940\/revisions"}],"predecessor-version":[{"id":66942,"href":"https:\/\/labestiapolitica.com.mx\/index.php?rest_route=\/wp\/v2\/posts\/66940\/revisions\/66942"}],"wp:featuredmedia":[{"embeddable":true,"href":"https:\/\/labestiapolitica.com.mx\/index.php?rest_route=\/wp\/v2\/media\/66941"}],"wp:attachment":[{"href":"https:\/\/labestiapolitica.com.mx\/index.php?rest_route=%2Fwp%2Fv2%2Fmedia&parent=66940"}],"wp:term":[{"taxonomy":"category","embeddable":true,"href":"https:\/\/labestiapolitica.com.mx\/index.php?rest_route=%2Fwp%2Fv2%2Fcategories&post=66940"},{"taxonomy":"post_tag","embeddable":true,"href":"https:\/\/labestiapolitica.com.mx\/index.php?rest_route=%2Fwp%2Fv2%2Ftags&post=66940"}],"curies":[{"name":"wp","href":"https:\/\/api.w.org\/{rel}","templated":true}]}}