{"id":66943,"date":"2026-03-17T19:14:36","date_gmt":"2026-03-18T01:14:36","guid":{"rendered":"https:\/\/labestiapolitica.com.mx\/?p=66943"},"modified":"2026-03-17T19:14:36","modified_gmt":"2026-03-18T01:14:36","slug":"se-reanudan-las-actividades-en-el-cecyte-emsad","status":"publish","type":"post","link":"https:\/\/labestiapolitica.com.mx\/?p=66943","title":{"rendered":"Se reanudan las actividades en el CECyTE-EMSAD."},"content":{"rendered":"<ul>\n<li style=\"text-align: justify;\">Luego de que se regulariz\u00f3 el pago a los trabajadores, el subsistema de educaci\u00f3n media superior trabaja con normalidad<\/li>\n<\/ul>\n<p style=\"text-align: justify;\">El Colegio de Estudios Cient\u00edficos y Tecnol\u00f3gicos del Estado y los centros de Educaci\u00f3n Media Superior a Distancia (CECyTE\u2013EMSaD) inform\u00f3 que ha sido cubierto el pago correspondiente a la primera quincena de marzo para todas y todos sus trabajadores.<\/p>\n<p style=\"text-align: justify;\">Con el cumplimiento de esta obligaci\u00f3n laboral, las actividades acad\u00e9micas y administrativas se reanudan con normalidad en la totalidad de los planteles y centros educativos del subsistema.<\/p>\n<p style=\"text-align: justify;\">El director general, Blas Marvin Mora Olvera, sostuvo mesas de trabajo con representantes sindicales de la Secci\u00f3n 55 del SNTE y del Sindicato de Trabajadores del CECyTE adherido a la CTM, con el prop\u00f3sito de atender sus planteamientos e inquietudes.<\/p>\n<p style=\"text-align: justify;\">Derivado de estos encuentros, la Direcci\u00f3n General refrend\u00f3 su compromiso de acompa\u00f1ar las gestiones necesarias para garantizar el pago oportuno de salarios y prestaciones, lo que permiti\u00f3 que m\u00e1s de mil 300 trabajadores retomaran sus actividades de manera regular.<\/p>\n<p style=\"text-align: justify;\">Este resultado ha sido posible gracias al respaldo del Gobierno del Estado de Tlaxcala, que mantiene su compromiso con la educaci\u00f3n media superior, as\u00ed como con el bienestar y la estabilidad laboral del personal que integra esta instituci\u00f3n.<\/p>\n<p style=\"text-align: justify;\">El CECyTE\u2013EMSaD Tlaxcala reafirma su compromiso de continuar trabajando en favor de la formaci\u00f3n integral de las y los estudiantes, garantizando la continuidad de los servicios educativos en todo el estado.<\/p>\n","protected":false},"excerpt":{"rendered":"<p>Luego de que se regulariz\u00f3 el pago a los trabajadores, el subsistema de educaci\u00f3n media superior trabaja con normalidad El Colegio de Estudios Cient\u00edficos y Tecnol\u00f3gicos del Estado y los centros de Educaci\u00f3n Media Superior a Distancia (CECyTE\u2013EMSaD) inform\u00f3 que ha sido cubierto el pago correspondiente a la primera quincena de marzo para todas y [&hellip;]<\/p>\n","protected":false},"author":5,"featured_media":66944,"comment_status":"open","ping_status":"open","sticky":false,"template":"","format":"standard","meta":{"footnotes":""},"categories":[3,213,236],"tags":[],"class_list":["post-66943","post","type-post","status-publish","format-standard","has-post-thumbnail","hentry","category-8-columnas","category-educacion","category-gobierno-de-tlaxcala"],"amp_enabled":true,"_links":{"self":[{"href":"https:\/\/labestiapolitica.com.mx\/index.php?rest_route=\/wp\/v2\/posts\/66943","targetHints":{"allow":["GET"]}}],"collection":[{"href":"https:\/\/labestiapolitica.com.mx\/index.php?rest_route=\/wp\/v2\/posts"}],"about":[{"href":"https:\/\/labestiapolitica.com.mx\/index.php?rest_route=\/wp\/v2\/types\/post"}],"author":[{"embeddable":true,"href":"https:\/\/labestiapolitica.com.mx\/index.php?rest_route=\/wp\/v2\/users\/5"}],"replies":[{"embeddable":true,"href":"https:\/\/labestiapolitica.com.mx\/index.php?rest_route=%2Fwp%2Fv2%2Fcomments&post=66943"}],"version-history":[{"count":1,"href":"https:\/\/labestiapolitica.com.mx\/index.php?rest_route=\/wp\/v2\/posts\/66943\/revisions"}],"predecessor-version":[{"id":66945,"href":"https:\/\/labestiapolitica.com.mx\/index.php?rest_route=\/wp\/v2\/posts\/66943\/revisions\/66945"}],"wp:featuredmedia":[{"embeddable":true,"href":"https:\/\/labestiapolitica.com.mx\/index.php?rest_route=\/wp\/v2\/media\/66944"}],"wp:attachment":[{"href":"https:\/\/labestiapolitica.com.mx\/index.php?rest_route=%2Fwp%2Fv2%2Fmedia&parent=66943"}],"wp:term":[{"taxonomy":"category","embeddable":true,"href":"https:\/\/labestiapolitica.com.mx\/index.php?rest_route=%2Fwp%2Fv2%2Fcategories&post=66943"},{"taxonomy":"post_tag","embeddable":true,"href":"https:\/\/labestiapolitica.com.mx\/index.php?rest_route=%2Fwp%2Fv2%2Ftags&post=66943"}],"curies":[{"name":"wp","href":"https:\/\/api.w.org\/{rel}","templated":true}]}}