{"id":66946,"date":"2026-03-17T19:19:22","date_gmt":"2026-03-18T01:19:22","guid":{"rendered":"https:\/\/labestiapolitica.com.mx\/?p=66946"},"modified":"2026-03-17T19:19:22","modified_gmt":"2026-03-18T01:19:22","slug":"zacatelco-impulsa-la-capacitacion-del-sector-porcina-en-beneficio-del-campo","status":"publish","type":"post","link":"https:\/\/labestiapolitica.com.mx\/?p=66946","title":{"rendered":"Zacatelco impulsa la capacitaci\u00f3n del sector porcina en beneficio del campo."},"content":{"rendered":"<p style=\"text-align: justify;\">Como parte de su compromiso con el desarrollo rural el Gobierno Municipal de Zacatelco, a trav\u00e9s de la Direcci\u00f3n de Impulso Agropecuario, particip\u00f3 activamente en el Ciclo de Conferencias de la Cumbre Regional Porcina 2026, con el objetivo de fortalecer las capacidades del sector productivo. La coordinaci\u00f3n de estas acciones estuvo a cargo del m\u00e9dico veterinario responsable Eliot Jared G\u00f3mez B\u00e1ez.<\/p>\n<p style=\"text-align: justify;\">Durante el acto inaugural, la titular de Impulso Agropecuario del municipio Adriana P\u00e9rez Moreno, destac\u00f3 la relevancia de la porcicultura en la regi\u00f3n:<\/p>\n<p style=\"text-align: justify;\">\u201cEn Zacatelco, la porcicultura es y ha sido un basti\u00f3n importante del campo; de ah\u00ed la importancia de generar este tipo de eventos, pl\u00e1ticas, cursos y talleres, ya que muchas familias dependen de esta actividad como fuente de ingresos\u201d, expres\u00f3.<\/p>\n<p style=\"text-align: justify;\">A lo largo de la jornada se abordaron temas clave para el sector. Se inici\u00f3 con la ponencia \u201cGusano barrenador del ganado: qu\u00e9 es, c\u00f3mo se previene, tratamiento y situaci\u00f3n actual\u201d, impartida por especialistas de SENASICA. Posteriormente, se present\u00f3 el tema \u201cBioseguridad pr\u00e1ctica en granjas: errores comunes y c\u00f3mo evitarlos\u201d, a cargo de Porc\u00edcola Flores, con la participaci\u00f3n del MVZ. Jahdiel Flores Saucedo.<\/p>\n<p style=\"text-align: justify;\">En materia de productividad, se desarroll\u00f3 la conferencia: \u201cAdministraci\u00f3n, costos y rentabilidad en la porcicultura actual\u201d, impartida por IPESAC Trow Nutrition, a trav\u00e9s del MVZ Mat\u00edas Robles. Finalmente, se expuso el tema \u201cQu\u00e9 tan rentable es mejorar nuestra gen\u00e9tica\u201d, presentado por Granja de Renata, con la participaci\u00f3n del MVZ Ismael Alc\u00e1ntar.<\/p>\n<p style=\"text-align: justify;\">Con este tipo de acciones, el Gobierno Municipal de Zacatelco refrenda su compromiso de impulsar el desarrollo del campo, brindando herramientas y conocimientos que permitan a las y los productores mejorar sus procesos y elevar su competitividad.<\/p>\n<p style=\"text-align: justify;\">Estas iniciativas fortalecen el trabajo coordinado en favor del sector agropecuario, contribuyendo al bien de las familias y al crecimiento econ\u00f3mico del municipio.<\/p>\n","protected":false},"excerpt":{"rendered":"<p>Como parte de su compromiso con el desarrollo rural el Gobierno Municipal de Zacatelco, a trav\u00e9s de la Direcci\u00f3n de Impulso Agropecuario, particip\u00f3 activamente en el Ciclo de Conferencias de la Cumbre Regional Porcina 2026, con el objetivo de fortalecer las capacidades del sector productivo. La coordinaci\u00f3n de estas acciones estuvo a cargo del m\u00e9dico [&hellip;]<\/p>\n","protected":false},"author":5,"featured_media":66947,"comment_status":"open","ping_status":"open","sticky":false,"template":"","format":"standard","meta":{"footnotes":""},"categories":[216,217],"tags":[],"class_list":["post-66946","post","type-post","status-publish","format-standard","has-post-thumbnail","hentry","category-municipios","category-zacatelco"],"amp_enabled":true,"_links":{"self":[{"href":"https:\/\/labestiapolitica.com.mx\/index.php?rest_route=\/wp\/v2\/posts\/66946","targetHints":{"allow":["GET"]}}],"collection":[{"href":"https:\/\/labestiapolitica.com.mx\/index.php?rest_route=\/wp\/v2\/posts"}],"about":[{"href":"https:\/\/labestiapolitica.com.mx\/index.php?rest_route=\/wp\/v2\/types\/post"}],"author":[{"embeddable":true,"href":"https:\/\/labestiapolitica.com.mx\/index.php?rest_route=\/wp\/v2\/users\/5"}],"replies":[{"embeddable":true,"href":"https:\/\/labestiapolitica.com.mx\/index.php?rest_route=%2Fwp%2Fv2%2Fcomments&post=66946"}],"version-history":[{"count":1,"href":"https:\/\/labestiapolitica.com.mx\/index.php?rest_route=\/wp\/v2\/posts\/66946\/revisions"}],"predecessor-version":[{"id":66948,"href":"https:\/\/labestiapolitica.com.mx\/index.php?rest_route=\/wp\/v2\/posts\/66946\/revisions\/66948"}],"wp:featuredmedia":[{"embeddable":true,"href":"https:\/\/labestiapolitica.com.mx\/index.php?rest_route=\/wp\/v2\/media\/66947"}],"wp:attachment":[{"href":"https:\/\/labestiapolitica.com.mx\/index.php?rest_route=%2Fwp%2Fv2%2Fmedia&parent=66946"}],"wp:term":[{"taxonomy":"category","embeddable":true,"href":"https:\/\/labestiapolitica.com.mx\/index.php?rest_route=%2Fwp%2Fv2%2Fcategories&post=66946"},{"taxonomy":"post_tag","embeddable":true,"href":"https:\/\/labestiapolitica.com.mx\/index.php?rest_route=%2Fwp%2Fv2%2Ftags&post=66946"}],"curies":[{"name":"wp","href":"https:\/\/api.w.org\/{rel}","templated":true}]}}