{"id":66949,"date":"2026-03-17T19:21:59","date_gmt":"2026-03-18T01:21:59","guid":{"rendered":"https:\/\/labestiapolitica.com.mx\/?p=66949"},"modified":"2026-03-17T19:21:59","modified_gmt":"2026-03-18T01:21:59","slug":"huamantla-se-suma-a-campana-de-prevencion-de-la-obesidad-en-este-mes","status":"publish","type":"post","link":"https:\/\/labestiapolitica.com.mx\/?p=66949","title":{"rendered":"Huamantla se suma a campa\u00f1a de prevenci\u00f3n de la obesidad en este mes."},"content":{"rendered":"<p style=\"text-align: justify;\">Con el compromiso de promover una mejor calidad de vida entre la poblaci\u00f3n, el Gobierno Municipal de Huamantla, encabezado por el Presidente Salvador Santos Cedillo, se suma a la campa\u00f1a de prevenci\u00f3n de la obesidad que se lleva a cabo este mes de marzo.<\/p>\n<p style=\"text-align: justify;\">Durante este periodo, se invita a la ciudadan\u00eda a adoptar h\u00e1bitos saludables que contribuyan a su bienestar f\u00edsico y emocional, como llevar una alimentaci\u00f3n balanceada, mantenerse hidratados y realizar actividad f\u00edsica de manera constante.<\/p>\n<p style=\"text-align: justify;\">El Ayuntamiento hace un llamado a todas las familias huamantlecas a integrar peque\u00f1as acciones en su vida diaria que pueden generar grandes cambios, como caminar al menos 30 minutos al d\u00eda, activarse con ejercicio, practicar alg\u00fan deporte y reducir el consumo de alimentos procesados, az\u00facares y grasas.<\/p>\n<p style=\"text-align: justify;\">Asimismo, se destaca la importancia de fomentar estos h\u00e1bitos desde el hogar, creando conciencia en ni\u00f1as, ni\u00f1os y j\u00f3venes sobre el cuidado de su salud.<\/p>\n<p style=\"text-align: justify;\">Estas acciones forman parte de la visi\u00f3n del gobierno municipal de impulsar pol\u00edticas p\u00fablicas que prioricen la salud preventiva, fortaleciendo as\u00ed una comunidad m\u00e1s activa, consciente y saludable.<\/p>\n<p style=\"text-align: justify;\">El Gobierno de Huamantla reitera su compromiso de seguir promoviendo iniciativas que impacten positivamente en la vida de las y los ciudadanos, invit\u00e1ndolos a sumarse a esta campa\u00f1a y hacer de la salud una prioridad.<\/p>\n","protected":false},"excerpt":{"rendered":"<p>Con el compromiso de promover una mejor calidad de vida entre la poblaci\u00f3n, el Gobierno Municipal de Huamantla, encabezado por el Presidente Salvador Santos Cedillo, se suma a la campa\u00f1a de prevenci\u00f3n de la obesidad que se lleva a cabo este mes de marzo. Durante este periodo, se invita a la ciudadan\u00eda a adoptar h\u00e1bitos [&hellip;]<\/p>\n","protected":false},"author":5,"featured_media":66950,"comment_status":"open","ping_status":"open","sticky":false,"template":"","format":"standard","meta":{"footnotes":""},"categories":[220,216],"tags":[],"class_list":["post-66949","post","type-post","status-publish","format-standard","has-post-thumbnail","hentry","category-huamantla","category-municipios"],"amp_enabled":true,"_links":{"self":[{"href":"https:\/\/labestiapolitica.com.mx\/index.php?rest_route=\/wp\/v2\/posts\/66949","targetHints":{"allow":["GET"]}}],"collection":[{"href":"https:\/\/labestiapolitica.com.mx\/index.php?rest_route=\/wp\/v2\/posts"}],"about":[{"href":"https:\/\/labestiapolitica.com.mx\/index.php?rest_route=\/wp\/v2\/types\/post"}],"author":[{"embeddable":true,"href":"https:\/\/labestiapolitica.com.mx\/index.php?rest_route=\/wp\/v2\/users\/5"}],"replies":[{"embeddable":true,"href":"https:\/\/labestiapolitica.com.mx\/index.php?rest_route=%2Fwp%2Fv2%2Fcomments&post=66949"}],"version-history":[{"count":1,"href":"https:\/\/labestiapolitica.com.mx\/index.php?rest_route=\/wp\/v2\/posts\/66949\/revisions"}],"predecessor-version":[{"id":66951,"href":"https:\/\/labestiapolitica.com.mx\/index.php?rest_route=\/wp\/v2\/posts\/66949\/revisions\/66951"}],"wp:featuredmedia":[{"embeddable":true,"href":"https:\/\/labestiapolitica.com.mx\/index.php?rest_route=\/wp\/v2\/media\/66950"}],"wp:attachment":[{"href":"https:\/\/labestiapolitica.com.mx\/index.php?rest_route=%2Fwp%2Fv2%2Fmedia&parent=66949"}],"wp:term":[{"taxonomy":"category","embeddable":true,"href":"https:\/\/labestiapolitica.com.mx\/index.php?rest_route=%2Fwp%2Fv2%2Fcategories&post=66949"},{"taxonomy":"post_tag","embeddable":true,"href":"https:\/\/labestiapolitica.com.mx\/index.php?rest_route=%2Fwp%2Fv2%2Ftags&post=66949"}],"curies":[{"name":"wp","href":"https:\/\/api.w.org\/{rel}","templated":true}]}}