{"id":66980,"date":"2026-03-17T20:06:12","date_gmt":"2026-03-18T02:06:12","guid":{"rendered":"https:\/\/labestiapolitica.com.mx\/?p=66980"},"modified":"2026-03-17T20:06:12","modified_gmt":"2026-03-18T02:06:12","slug":"seguridad-publica-de-panotla-logra-detencion-de-presunto-responsable-de-motocicleta","status":"publish","type":"post","link":"https:\/\/labestiapolitica.com.mx\/?p=66980","title":{"rendered":"Seguridad P\u00fablica de Panotla logra detenci\u00f3n de presunto responsable de motocicleta."},"content":{"rendered":"<div class=\"xdj266r x14z9mp xat24cr x1lziwak x1vvkbs x126k92a\">\n<div dir=\"auto\" style=\"text-align: justify;\">La Direcci\u00f3n de Seguridad P\u00fablica y Vialidad del municipio de Panotla informa que, derivado de los recorridos preventivos que se realizan de manera permanente para inhibir actos delictivos, se logr\u00f3 la detenci\u00f3n de un masculino identificado como Iv\u00e1n N., de 40 a\u00f1os de edad, quien presuntamente habr\u00eda robado una motocicleta marca Vento en la comunidad de San Jorge Tezoquipan.<\/div>\n<div dir=\"auto\" style=\"text-align: justify;\"><\/div>\n<\/div>\n<div class=\"x14z9mp xat24cr x1lziwak x1vvkbs xtlvy1s x126k92a\" style=\"text-align: justify;\">\n<div dir=\"auto\">De acuerdo con el reporte, los elementos de seguridad actuaron conforme a los protocolos establecidos, lo que permiti\u00f3 localizar y recuperar la motocicleta reportada como robada.<\/div>\n<div dir=\"auto\"><\/div>\n<\/div>\n<div class=\"x14z9mp xat24cr x1lziwak x1vvkbs xtlvy1s x126k92a\" style=\"text-align: justify;\">\n<div dir=\"auto\">El masculino fue puesto a disposici\u00f3n de la Fiscal\u00eda General de Justicia del Estado de Tlaxcala, donde la autoridad competente determinar\u00e1 su situaci\u00f3n legal conforme a derecho.<\/div>\n<div dir=\"auto\"><\/div>\n<\/div>\n<div class=\"x14z9mp xat24cr x1lziwak x1vvkbs xtlvy1s x126k92a\">\n<div dir=\"auto\" style=\"text-align: justify;\">La Direcci\u00f3n de Seguridad P\u00fablica y Vialidad reiter\u00f3 que continuar\u00e1 reforzando los operativos y recorridos de vigilancia en el municipio, con el objetivo de garantizar la seguridad y tranquilidad de las familias de Panotla.<\/div>\n<\/div>\n","protected":false},"excerpt":{"rendered":"<p>La Direcci\u00f3n de Seguridad P\u00fablica y Vialidad del municipio de Panotla informa que, derivado de los recorridos preventivos que se realizan de manera permanente para inhibir actos delictivos, se logr\u00f3 la detenci\u00f3n de un masculino identificado como Iv\u00e1n N., de 40 a\u00f1os de edad, quien presuntamente habr\u00eda robado una motocicleta marca Vento en la comunidad [&hellip;]<\/p>\n","protected":false},"author":5,"featured_media":66981,"comment_status":"open","ping_status":"open","sticky":false,"template":"","format":"standard","meta":{"footnotes":""},"categories":[216,237],"tags":[],"class_list":["post-66980","post","type-post","status-publish","format-standard","has-post-thumbnail","hentry","category-municipios","category-panotla"],"amp_enabled":true,"_links":{"self":[{"href":"https:\/\/labestiapolitica.com.mx\/index.php?rest_route=\/wp\/v2\/posts\/66980","targetHints":{"allow":["GET"]}}],"collection":[{"href":"https:\/\/labestiapolitica.com.mx\/index.php?rest_route=\/wp\/v2\/posts"}],"about":[{"href":"https:\/\/labestiapolitica.com.mx\/index.php?rest_route=\/wp\/v2\/types\/post"}],"author":[{"embeddable":true,"href":"https:\/\/labestiapolitica.com.mx\/index.php?rest_route=\/wp\/v2\/users\/5"}],"replies":[{"embeddable":true,"href":"https:\/\/labestiapolitica.com.mx\/index.php?rest_route=%2Fwp%2Fv2%2Fcomments&post=66980"}],"version-history":[{"count":1,"href":"https:\/\/labestiapolitica.com.mx\/index.php?rest_route=\/wp\/v2\/posts\/66980\/revisions"}],"predecessor-version":[{"id":66982,"href":"https:\/\/labestiapolitica.com.mx\/index.php?rest_route=\/wp\/v2\/posts\/66980\/revisions\/66982"}],"wp:featuredmedia":[{"embeddable":true,"href":"https:\/\/labestiapolitica.com.mx\/index.php?rest_route=\/wp\/v2\/media\/66981"}],"wp:attachment":[{"href":"https:\/\/labestiapolitica.com.mx\/index.php?rest_route=%2Fwp%2Fv2%2Fmedia&parent=66980"}],"wp:term":[{"taxonomy":"category","embeddable":true,"href":"https:\/\/labestiapolitica.com.mx\/index.php?rest_route=%2Fwp%2Fv2%2Fcategories&post=66980"},{"taxonomy":"post_tag","embeddable":true,"href":"https:\/\/labestiapolitica.com.mx\/index.php?rest_route=%2Fwp%2Fv2%2Ftags&post=66980"}],"curies":[{"name":"wp","href":"https:\/\/api.w.org\/{rel}","templated":true}]}}