{"id":66986,"date":"2026-03-17T20:37:09","date_gmt":"2026-03-18T02:37:09","guid":{"rendered":"https:\/\/labestiapolitica.com.mx\/?p=66986"},"modified":"2026-03-17T20:37:09","modified_gmt":"2026-03-18T02:37:09","slug":"atletas-tlaxcaltecas-destacan-en-clasificatorio-nacional-de-luchas-asociadas","status":"publish","type":"post","link":"https:\/\/labestiapolitica.com.mx\/?p=66986","title":{"rendered":"Atletas tlaxcaltecas destacan en clasificatorio nacional de luchas asociadas."},"content":{"rendered":"<p style=\"text-align: justify;\">El Ayuntamiento de San Pablo del Monte, a trav\u00e9s de la Direcci\u00f3n de Deportes, felicita a las y los atletas por su destacada participaci\u00f3n en el Nacional Clasificatorio de Luchas Asociadas rumbo a la Olimpiada Nacional CONADE 2026, realizado en Oaxaca.<\/p>\n<p style=\"text-align: justify;\">La delegaci\u00f3n de Tlaxcala logr\u00f3 una sobresaliente actuaci\u00f3n al asegurar un total de 14 boletos para la siguiente etapa, adem\u00e1s de obtener importantes clasificaciones en la modalidad de estilo libre varonil.<\/p>\n<p style=\"text-align: justify;\">Se reconoce el esfuerzo, la disciplina y el compromiso de cada uno de los competidores, quienes demostraron su talento frente a atletas de todo el pa\u00eds.<\/p>\n<p style=\"text-align: justify;\">El Gobierno Municipal destaca que estos resultados son motivo de orgullo y reflejan que, con trabajo y dedicaci\u00f3n, es posible alcanzar grandes metas, por lo que les desea el mayor de los \u00e9xitos en la etapa nacional.<\/p>\n","protected":false},"excerpt":{"rendered":"<p>El Ayuntamiento de San Pablo del Monte, a trav\u00e9s de la Direcci\u00f3n de Deportes, felicita a las y los atletas por su destacada participaci\u00f3n en el Nacional Clasificatorio de Luchas Asociadas rumbo a la Olimpiada Nacional CONADE 2026, realizado en Oaxaca. La delegaci\u00f3n de Tlaxcala logr\u00f3 una sobresaliente actuaci\u00f3n al asegurar un total de 14 [&hellip;]<\/p>\n","protected":false},"author":5,"featured_media":66987,"comment_status":"open","ping_status":"open","sticky":false,"template":"","format":"standard","meta":{"footnotes":""},"categories":[216,223],"tags":[],"class_list":["post-66986","post","type-post","status-publish","format-standard","has-post-thumbnail","hentry","category-municipios","category-san-pablo-del-monte"],"amp_enabled":true,"_links":{"self":[{"href":"https:\/\/labestiapolitica.com.mx\/index.php?rest_route=\/wp\/v2\/posts\/66986","targetHints":{"allow":["GET"]}}],"collection":[{"href":"https:\/\/labestiapolitica.com.mx\/index.php?rest_route=\/wp\/v2\/posts"}],"about":[{"href":"https:\/\/labestiapolitica.com.mx\/index.php?rest_route=\/wp\/v2\/types\/post"}],"author":[{"embeddable":true,"href":"https:\/\/labestiapolitica.com.mx\/index.php?rest_route=\/wp\/v2\/users\/5"}],"replies":[{"embeddable":true,"href":"https:\/\/labestiapolitica.com.mx\/index.php?rest_route=%2Fwp%2Fv2%2Fcomments&post=66986"}],"version-history":[{"count":1,"href":"https:\/\/labestiapolitica.com.mx\/index.php?rest_route=\/wp\/v2\/posts\/66986\/revisions"}],"predecessor-version":[{"id":66988,"href":"https:\/\/labestiapolitica.com.mx\/index.php?rest_route=\/wp\/v2\/posts\/66986\/revisions\/66988"}],"wp:featuredmedia":[{"embeddable":true,"href":"https:\/\/labestiapolitica.com.mx\/index.php?rest_route=\/wp\/v2\/media\/66987"}],"wp:attachment":[{"href":"https:\/\/labestiapolitica.com.mx\/index.php?rest_route=%2Fwp%2Fv2%2Fmedia&parent=66986"}],"wp:term":[{"taxonomy":"category","embeddable":true,"href":"https:\/\/labestiapolitica.com.mx\/index.php?rest_route=%2Fwp%2Fv2%2Fcategories&post=66986"},{"taxonomy":"post_tag","embeddable":true,"href":"https:\/\/labestiapolitica.com.mx\/index.php?rest_route=%2Fwp%2Fv2%2Ftags&post=66986"}],"curies":[{"name":"wp","href":"https:\/\/api.w.org\/{rel}","templated":true}]}}