{"id":66989,"date":"2026-03-17T20:39:26","date_gmt":"2026-03-18T02:39:26","guid":{"rendered":"https:\/\/labestiapolitica.com.mx\/?p=66989"},"modified":"2026-03-17T20:39:26","modified_gmt":"2026-03-18T02:39:26","slug":"imparten-capacitacion-en-manejo-higienico-de-alimentos-a-comedores-escolares","status":"publish","type":"post","link":"https:\/\/labestiapolitica.com.mx\/?p=66989","title":{"rendered":"Imparten capacitaci\u00f3n en manejo higi\u00e9nico de alimentos a comedores escolares."},"content":{"rendered":"<p style=\"text-align: justify;\">El Ayuntamiento de San Pablo del Monte, a trav\u00e9s del Sistema Municipal DIF (SMDIF), llev\u00f3 a cabo una capacitaci\u00f3n en manejo higi\u00e9nico de alimentos dirigida a personal de 15 comedores escolares, con la participaci\u00f3n de m\u00e1s de 50 asistentes.<\/p>\n<p style=\"text-align: justify;\">Durante la jornada participaron instituciones educativas de nivel primaria y preescolar, entre ellas Valent\u00edn G\u00f3mez Far\u00edas, Xicoht\u00e9ncatl, Vicente Guerrero, Miguel Hidalgo y Costilla, Francisco I. Madero, Emiliano Zapata, Huitzilopochtli, Leonarda G\u00f3mez Blanco, Cuauht\u00e9moc, Adolfo L\u00f3pez Mateos, as\u00ed como los preescolares Salvador D\u00edaz Mir\u00f3n, Leona Vicario, Tlakatixochitl, \u00c1lvaro Obreg\u00f3n y Kalpilton Malintsi.<\/p>\n<p style=\"text-align: justify;\">En la capacitaci\u00f3n se abordaron temas como el correcto lavado de manos y las buenas pr\u00e1cticas de higiene, con el objetivo de prevenir enfermedades y garantizar la preparaci\u00f3n de alimentos seguros para las y los estudiantes.<\/p>\n<p style=\"text-align: justify;\">Con estas acciones, el SMDIF reafirma su compromiso con la salud y el bienestar de la ni\u00f1ez del municipio.<\/p>\n","protected":false},"excerpt":{"rendered":"<p>El Ayuntamiento de San Pablo del Monte, a trav\u00e9s del Sistema Municipal DIF (SMDIF), llev\u00f3 a cabo una capacitaci\u00f3n en manejo higi\u00e9nico de alimentos dirigida a personal de 15 comedores escolares, con la participaci\u00f3n de m\u00e1s de 50 asistentes. Durante la jornada participaron instituciones educativas de nivel primaria y preescolar, entre ellas Valent\u00edn G\u00f3mez Far\u00edas, [&hellip;]<\/p>\n","protected":false},"author":5,"featured_media":66990,"comment_status":"open","ping_status":"open","sticky":false,"template":"","format":"standard","meta":{"footnotes":""},"categories":[216,223],"tags":[],"class_list":["post-66989","post","type-post","status-publish","format-standard","has-post-thumbnail","hentry","category-municipios","category-san-pablo-del-monte"],"amp_enabled":true,"_links":{"self":[{"href":"https:\/\/labestiapolitica.com.mx\/index.php?rest_route=\/wp\/v2\/posts\/66989","targetHints":{"allow":["GET"]}}],"collection":[{"href":"https:\/\/labestiapolitica.com.mx\/index.php?rest_route=\/wp\/v2\/posts"}],"about":[{"href":"https:\/\/labestiapolitica.com.mx\/index.php?rest_route=\/wp\/v2\/types\/post"}],"author":[{"embeddable":true,"href":"https:\/\/labestiapolitica.com.mx\/index.php?rest_route=\/wp\/v2\/users\/5"}],"replies":[{"embeddable":true,"href":"https:\/\/labestiapolitica.com.mx\/index.php?rest_route=%2Fwp%2Fv2%2Fcomments&post=66989"}],"version-history":[{"count":1,"href":"https:\/\/labestiapolitica.com.mx\/index.php?rest_route=\/wp\/v2\/posts\/66989\/revisions"}],"predecessor-version":[{"id":66991,"href":"https:\/\/labestiapolitica.com.mx\/index.php?rest_route=\/wp\/v2\/posts\/66989\/revisions\/66991"}],"wp:featuredmedia":[{"embeddable":true,"href":"https:\/\/labestiapolitica.com.mx\/index.php?rest_route=\/wp\/v2\/media\/66990"}],"wp:attachment":[{"href":"https:\/\/labestiapolitica.com.mx\/index.php?rest_route=%2Fwp%2Fv2%2Fmedia&parent=66989"}],"wp:term":[{"taxonomy":"category","embeddable":true,"href":"https:\/\/labestiapolitica.com.mx\/index.php?rest_route=%2Fwp%2Fv2%2Fcategories&post=66989"},{"taxonomy":"post_tag","embeddable":true,"href":"https:\/\/labestiapolitica.com.mx\/index.php?rest_route=%2Fwp%2Fv2%2Ftags&post=66989"}],"curies":[{"name":"wp","href":"https:\/\/api.w.org\/{rel}","templated":true}]}}