{"id":66999,"date":"2026-03-18T07:28:51","date_gmt":"2026-03-18T13:28:51","guid":{"rendered":"https:\/\/labestiapolitica.com.mx\/?p=66999"},"modified":"2026-03-18T07:28:51","modified_gmt":"2026-03-18T13:28:51","slug":"focus-group-lo-que-se-lleva-a-la-tumba-tony-macias","status":"publish","type":"post","link":"https:\/\/labestiapolitica.com.mx\/?p=66999","title":{"rendered":"Focus Group | Lo que se lleva a la tumba Tony Mac\u00edas."},"content":{"rendered":"<p style=\"text-align: justify;\"><em>Por Jorge Ram\u00f3n Rizzo | Periodista\/Tlaxcala<\/em><\/p>\n<p style=\"text-align: justify;\">La partida del patriarca de la familia Mac\u00edas Tubilla, Tony Mac\u00edas Yazegey deja preguntas sin respuesta sobre la red de complicidades y el destino final de los recursos desviados durante uno de los periodos m\u00e1s oscuros en la administraci\u00f3n p\u00fablica de Veracruz, el sexenio de Javier Duarte de Ochoa.<\/p>\n<p style=\"text-align: justify;\">Este martes 17 de marzo de 2026 se confirm\u00f3 el fallecimiento de\u00a0Jes\u00fas Antonio \u00abTony\u00bb Mac\u00edas Yazegey, empresario chiapaneco y suegro del exgobernador de Veracruz, Javier Duarte de Ochoa.<\/p>\n<p style=\"text-align: justify;\">Su muerte marca el cierre de un cap\u00edtulo pol\u00e9mico en la historia pol\u00edtica reciente del estado, marcado por investigaciones judiciales y la sombra de la corrupci\u00f3n que envolvi\u00f3 al sexenio duartista.<\/p>\n<p style=\"text-align: justify;\">Antonio Mac\u00edas fue una figura central no solo en la familia de\u00a0Karime Mac\u00edas Tubilla, exesposa de Duarte, sino tambi\u00e9n en el entorno econ\u00f3mico y pol\u00edtico de Coatzacoalcos y la regi\u00f3n sur de Veracruz.<\/p>\n<p style=\"text-align: justify;\">A menudo descrito como un operador pri\u00edsta con gran influencia regional, su ascenso y fortuna fueron objeto de constante escrutinio tras la ca\u00edda de su yerno.<\/p>\n<p style=\"text-align: justify;\">Durante los \u00faltimos a\u00f1os, Mac\u00edas Yazegey estuvo bajo la lupa de la\u00a0Fiscal\u00eda General de la Rep\u00fablica (FGR)\u00a0por presunto desv\u00edo de recursos p\u00fablicos durante el sexenio de su yerno Javier Duarte de Ochoa.<\/p>\n<p style=\"text-align: justify;\">Se le vincul\u00f3 con irregularidades en la Secretar\u00eda de Desarrollo Agropecuario de Veracruz y con la gesti\u00f3n del Parque Tecnol\u00f3gico e Industrial Puerto M\u00e9xico. Y tras la detenci\u00f3n del exgobernador de Veracruz se vi\u00f3 inmerso en una vor\u00e1gine de causas legales.<\/p>\n<p style=\"text-align: justify;\">Poco a poco fue saliendo de esas broncas y en 2021, un tribunal orden\u00f3 descongelar sus cuentas bancarias despu\u00e9s de m\u00e1s de cinco a\u00f1os de bloqueo por parte de la FGR. Previamente, en 2018, se hab\u00edan cancelado las alertas migratorias en su contra, permiti\u00e9ndole libre tr\u00e1nsito.<\/p>\n<p style=\"text-align: justify;\">Pese a ser\u00edas y consistentes demandas que buscaron encarcelarlo por el presunto robo de terrenos y recursos, Tony Mac\u00edas falleci\u00f3 sin haber recibido una condena definitiva por los cargos que se le imputaban.<\/p>\n<p style=\"text-align: justify;\">As\u00ed que mientras su exyerno Javier Duarte contin\u00faa cumpliendo su condena en el Reclusorio Norte y su hija Karime Mac\u00edas enfrenta procesos de extradici\u00f3n en Londres, Tony Mac\u00edas muere, llev\u00e1ndose a la tumba la verdad de sus alcances en vida.<\/p>\n<p style=\"text-align: justify;\">Tras la salida de Duarte del poder en 2016, Mac\u00edas denunci\u00f3 un fuerte \u00abacoso social y pol\u00edtico\u00bb. Esto lo llev\u00f3 a mudarse a Chiapas con su esposa, Virginia Tubilla, y sus nietos, buscando alejarse del foco medi\u00e1tico veracruzano.<\/p>\n<p style=\"text-align: justify;\">Una de sus declaraciones m\u00e1s recordadas fue la afirmaci\u00f3n de que gran parte de su patrimonio proven\u00eda de un premio de\u00a050 millones de pesos de la Loter\u00eda Nacional, argumento que present\u00f3 para justificar sus activos ante las autoridades.<\/p>\n<p style=\"text-align: justify;\">El c\u00edrculo cercano de su yerno Javier Duarte cuando gobern\u00f3 Veracruz, y del que formaron parte indiscutible Vicente Ben\u00edtez, Gabriel Deantes y Juan Manuel del Castillo, conocen muchas historias del legendario \u00absuegro inc\u00f3modo\u00bb.<\/p>\n<p style=\"text-align: justify;\">La muerte sucede en la ciudad de M\u00e9xico. Y en los eventos f\u00fanebres estar\u00e1 su viuda Do\u00f1a Virginia Tubilla, con la l\u00f3gica ausencia de su hija Karime Mac\u00edas y sus nietos Javier, Carolina y Emilio, quienes siguen evitando la acci\u00f3n de la justicia desde la ciudad de Londres, en el Reino Unido.<\/p>\n<p style=\"text-align: justify;\">*<\/p>\n","protected":false},"excerpt":{"rendered":"<p>Por Jorge Ram\u00f3n Rizzo | Periodista\/Tlaxcala La partida del patriarca de la familia Mac\u00edas Tubilla, Tony Mac\u00edas Yazegey deja preguntas sin respuesta sobre la red de complicidades y el destino final de los recursos desviados durante uno de los periodos m\u00e1s oscuros en la administraci\u00f3n p\u00fablica de Veracruz, el sexenio de Javier Duarte de Ochoa. [&hellip;]<\/p>\n","protected":false},"author":5,"featured_media":67000,"comment_status":"open","ping_status":"open","sticky":false,"template":"","format":"standard","meta":{"footnotes":""},"categories":[3,8],"tags":[],"class_list":["post-66999","post","type-post","status-publish","format-standard","has-post-thumbnail","hentry","category-8-columnas","category-redes"],"amp_enabled":true,"_links":{"self":[{"href":"https:\/\/labestiapolitica.com.mx\/index.php?rest_route=\/wp\/v2\/posts\/66999","targetHints":{"allow":["GET"]}}],"collection":[{"href":"https:\/\/labestiapolitica.com.mx\/index.php?rest_route=\/wp\/v2\/posts"}],"about":[{"href":"https:\/\/labestiapolitica.com.mx\/index.php?rest_route=\/wp\/v2\/types\/post"}],"author":[{"embeddable":true,"href":"https:\/\/labestiapolitica.com.mx\/index.php?rest_route=\/wp\/v2\/users\/5"}],"replies":[{"embeddable":true,"href":"https:\/\/labestiapolitica.com.mx\/index.php?rest_route=%2Fwp%2Fv2%2Fcomments&post=66999"}],"version-history":[{"count":1,"href":"https:\/\/labestiapolitica.com.mx\/index.php?rest_route=\/wp\/v2\/posts\/66999\/revisions"}],"predecessor-version":[{"id":67001,"href":"https:\/\/labestiapolitica.com.mx\/index.php?rest_route=\/wp\/v2\/posts\/66999\/revisions\/67001"}],"wp:featuredmedia":[{"embeddable":true,"href":"https:\/\/labestiapolitica.com.mx\/index.php?rest_route=\/wp\/v2\/media\/67000"}],"wp:attachment":[{"href":"https:\/\/labestiapolitica.com.mx\/index.php?rest_route=%2Fwp%2Fv2%2Fmedia&parent=66999"}],"wp:term":[{"taxonomy":"category","embeddable":true,"href":"https:\/\/labestiapolitica.com.mx\/index.php?rest_route=%2Fwp%2Fv2%2Fcategories&post=66999"},{"taxonomy":"post_tag","embeddable":true,"href":"https:\/\/labestiapolitica.com.mx\/index.php?rest_route=%2Fwp%2Fv2%2Ftags&post=66999"}],"curies":[{"name":"wp","href":"https:\/\/api.w.org\/{rel}","templated":true}]}}