{"id":67026,"date":"2026-03-18T14:38:25","date_gmt":"2026-03-18T20:38:25","guid":{"rendered":"https:\/\/labestiapolitica.com.mx\/?p=67026"},"modified":"2026-03-18T14:51:53","modified_gmt":"2026-03-18T20:51:53","slug":"hermano-de-lider-sindical-no-esta-desaparecido-en-tlaxcala-solo-perdio-comunicacion-asegura-vocero","status":"publish","type":"post","link":"https:\/\/labestiapolitica.com.mx\/?p=67026","title":{"rendered":"Hermano de l\u00edder sindical no est\u00e1 desaparecido en Tlaxcala; s\u00f3lo perdi\u00f3 comunicaci\u00f3n, asegura vocero."},"content":{"rendered":"<p style=\"text-align: justify;\"><em>Mariana LOVERA<\/em> | El Gobierno del Estado de Tlaxcala, a trav\u00e9s de su vocero Antonio Mart\u00ednez Vel\u00e1zquez, sali\u00f3 al paso de los rumores que circularon en las \u00faltimas horas sobre la presunta desaparici\u00f3n del hermano de Leobardo Soto, l\u00edder de la CTM en Puebla.<\/p>\n<p style=\"text-align: justify;\">Fue el propio coordinador de comunicaci\u00f3n, quien desminti\u00f3 categ\u00f3ricamente la versi\u00f3n que se difundi\u00f3 en redes sociales y algunos medios. Seg\u00fan explic\u00f3, se trat\u00f3 de una falsa alarma derivada de la p\u00e9rdida de comunicaci\u00f3n por un lapso muy breve.<\/p>\n<p style=\"text-align: justify;\">\u201cSolo perdi\u00f3 comunicaci\u00f3n un par de horas con su familia, pero ya regres\u00f3 a su casa en Puebla\u201d, aclar\u00f3 el funcionario, tranquilizando as\u00ed a la opini\u00f3n p\u00fablica y a los allegados del gremio sindical.<\/p>\n<p style=\"text-align: justify;\">Con esta declaraci\u00f3n, las autoridades buscan evitar la propagaci\u00f3n de noticias falsas y confirman que el familiar del l\u00edder cetemista se encuentra en buen estado de salud y en su domicilio.<\/p>\n","protected":false},"excerpt":{"rendered":"<p>Mariana LOVERA | El Gobierno del Estado de Tlaxcala, a trav\u00e9s de su vocero Antonio Mart\u00ednez Vel\u00e1zquez, sali\u00f3 al paso de los rumores que circularon en las \u00faltimas horas sobre la presunta desaparici\u00f3n del hermano de Leobardo Soto, l\u00edder de la CTM en Puebla. Fue el propio coordinador de comunicaci\u00f3n, quien desminti\u00f3 categ\u00f3ricamente la versi\u00f3n [&hellip;]<\/p>\n","protected":false},"author":6,"featured_media":67027,"comment_status":"open","ping_status":"open","sticky":false,"template":"","format":"standard","meta":{"footnotes":""},"categories":[3,7],"tags":[],"class_list":["post-67026","post","type-post","status-publish","format-standard","has-post-thumbnail","hentry","category-8-columnas","category-ciudadanos"],"amp_enabled":true,"_links":{"self":[{"href":"https:\/\/labestiapolitica.com.mx\/index.php?rest_route=\/wp\/v2\/posts\/67026","targetHints":{"allow":["GET"]}}],"collection":[{"href":"https:\/\/labestiapolitica.com.mx\/index.php?rest_route=\/wp\/v2\/posts"}],"about":[{"href":"https:\/\/labestiapolitica.com.mx\/index.php?rest_route=\/wp\/v2\/types\/post"}],"author":[{"embeddable":true,"href":"https:\/\/labestiapolitica.com.mx\/index.php?rest_route=\/wp\/v2\/users\/6"}],"replies":[{"embeddable":true,"href":"https:\/\/labestiapolitica.com.mx\/index.php?rest_route=%2Fwp%2Fv2%2Fcomments&post=67026"}],"version-history":[{"count":1,"href":"https:\/\/labestiapolitica.com.mx\/index.php?rest_route=\/wp\/v2\/posts\/67026\/revisions"}],"predecessor-version":[{"id":67028,"href":"https:\/\/labestiapolitica.com.mx\/index.php?rest_route=\/wp\/v2\/posts\/67026\/revisions\/67028"}],"wp:featuredmedia":[{"embeddable":true,"href":"https:\/\/labestiapolitica.com.mx\/index.php?rest_route=\/wp\/v2\/media\/67027"}],"wp:attachment":[{"href":"https:\/\/labestiapolitica.com.mx\/index.php?rest_route=%2Fwp%2Fv2%2Fmedia&parent=67026"}],"wp:term":[{"taxonomy":"category","embeddable":true,"href":"https:\/\/labestiapolitica.com.mx\/index.php?rest_route=%2Fwp%2Fv2%2Fcategories&post=67026"},{"taxonomy":"post_tag","embeddable":true,"href":"https:\/\/labestiapolitica.com.mx\/index.php?rest_route=%2Fwp%2Fv2%2Ftags&post=67026"}],"curies":[{"name":"wp","href":"https:\/\/api.w.org\/{rel}","templated":true}]}}