{"id":67047,"date":"2026-03-18T17:18:33","date_gmt":"2026-03-18T23:18:33","guid":{"rendered":"https:\/\/labestiapolitica.com.mx\/?p=67047"},"modified":"2026-03-19T12:35:40","modified_gmt":"2026-03-19T18:35:40","slug":"tras-lluvias-alcalde-capitalino-descarta-danos-en-bulevar-ocotelulco-y-atribuye-encharcamientos-a-acumulacion-de-basura","status":"publish","type":"post","link":"https:\/\/labestiapolitica.com.mx\/?p=67047","title":{"rendered":"Tras lluvias, alcalde capitalino descarta da\u00f1os en bulevar Ocotelulco y atribuye encharcamientos a acumulaci\u00f3n de basura."},"content":{"rendered":"<div style=\"text-align: justify;\">Mariana LOVERA | Luego de que circularan en redes sociales im\u00e1genes de encharcamientos y alcantarillas desbordadas en el reci\u00e9n remodelado bulevar Ocotelulco tras las primeras lluvias de la temporada, el presidente municipal de Tlaxcala capital, Alfonso S\u00e1nchez Garc\u00eda, asegur\u00f3 que la vialidad se encuentra en buenas condiciones y que los incidentes menores fueron provocados por la acumulaci\u00f3n de residuos s\u00f3lidos.<\/div>\n<div style=\"text-align: justify;\"><\/div>\n<div style=\"text-align: justify;\">En entrevista tras la ceremonia inaugural de la primera sesi\u00f3n de trabajo del Programa de las Naciones Unidas para el Desarrollo (PNUD) \u2014donde se dio la bienvenida a los integrantes del M20\u2014, el edil capitalino fue cuestionado sobre el estado que guarda dicha arteria, la cual se encuentra en proceso de remodelaci\u00f3n.<\/div>\n<div style=\"text-align: justify;\"><\/div>\n<div style=\"text-align: justify;\">\u00abEst\u00e1 todav\u00eda ahorita en proceso de terminaci\u00f3n, que yo sepa no hubo da\u00f1os. S\u00ed hubo alg\u00fan tema ah\u00ed por acumulaci\u00f3n de basura, que es nuestro mayor dolor de cabeza en estos momentos; se acumul\u00f3 algo de agua, pero no, el bulevar acabamos de pasar por ah\u00ed y est\u00e1 en buenas condiciones\u00bb, declar\u00f3 S\u00e1nchez Garc\u00eda.<\/div>\n<div style=\"text-align: justify;\"><\/div>\n<div style=\"text-align: justify;\">Ante la pregunta sobre las medidas que implementar\u00e1 el ayuntamiento para evitar inundaciones durante el temporal, el alcalde hizo un llamado directo a la poblaci\u00f3n: \u00abEs b\u00e1sicamente pedir, lo he hecho en repetidas ocasiones a la ciudadan\u00eda, que no tiren la basura en la calle, que no dejen las bolsas, que esperen a que pase el cami\u00f3n de basura, porque finalmente gran parte de estas afectaciones son debido a la acumulaci\u00f3n de residuos en nuestras alcantarillas\u00bb.<\/div>\n<div style=\"text-align: justify;\"><\/div>\n<div style=\"text-align: justify;\">El mun\u00edcipe record\u00f3 que el ayuntamiento cuenta con un reglamento que contempla sanciones para quienes infrinjan las disposiciones en materia de limpieza. \u00abS\u00ed, est\u00e1 plasmado en el reglamento. La intenci\u00f3n es que de manera voluntaria la ciudadan\u00eda cooperara.Desgraciadamente, si no es de esa forma, en su momento se tendr\u00e1n que llevar a cabo las multas y sanciones que est\u00e1n en el reglamento\u00bb, puntualiz\u00f3.<\/div>\n<div style=\"text-align: justify;\"><\/div>\n<div style=\"text-align: justify;\">Finalmente, los medios locales preguntaron la opini\u00f3n del edil sobre el \u201cPlan B\u201d presentado recientemente por la Presidenta de M\u00e9xico, y c\u00f3mo podr\u00eda afectar al municipio.<\/div>\n<div style=\"text-align: justify;\"><\/div>\n<div style=\"text-align: justify;\">S\u00e1nchez Garc\u00eda record\u00f3 la particularidad del estado: \u201cAcu\u00e9rdense que en Tlaxcalatenemos el famoso cuarto nivel de gobierno [presidencias de comunidad]. Realmente nosotros no contamos con un gran n\u00famero de regidores, lo que aumenta el tama\u00f1o de nuestros cabildos es m\u00e1s que nada la cuesti\u00f3n de las presidencias de comunidad. Entonces, pues ya habr\u00eda que hacer un an\u00e1lisis puntual de c\u00f3mo se va a proceder, porque no est\u00e1n contemplando a las presidencias de comunidad, \u00fanicamente se est\u00e1n contemplando al tema de los regidores\u201d.<\/div>\n<div style=\"text-align: justify;\"><\/div>\n<div style=\"text-align: justify;\">Ante la pregunta de si buscar\u00edan regular el n\u00famero de presidencias de comunidad, el alcalde fue cauto: \u201cNo, mira, yo creo que funcionamos bien. Insisto, habr\u00eda que evaluarlo. Es algo nuevo que acaba de presentar la presidenta, pero finalmente es c\u00f3mo afecta a Tlaxcala, que no estamos en el contexto del resto del pa\u00eds. Aqu\u00ed tenemos este cuarto nivel de gobierno y pues es un caso especial, entonces yo creo que hay que analizarlo tambi\u00e9n de forma especial\u201d puntualiz\u00f3.<\/div>\n","protected":false},"excerpt":{"rendered":"<p>Mariana LOVERA | Luego de que circularan en redes sociales im\u00e1genes de encharcamientos y alcantarillas desbordadas en el reci\u00e9n remodelado bulevar Ocotelulco tras las primeras lluvias de la temporada, el presidente municipal de Tlaxcala capital, Alfonso S\u00e1nchez Garc\u00eda, asegur\u00f3 que la vialidad se encuentra en buenas condiciones y que los incidentes menores fueron provocados por [&hellip;]<\/p>\n","protected":false},"author":6,"featured_media":67048,"comment_status":"open","ping_status":"open","sticky":false,"template":"","format":"standard","meta":{"footnotes":""},"categories":[3,7],"tags":[],"class_list":["post-67047","post","type-post","status-publish","format-standard","has-post-thumbnail","hentry","category-8-columnas","category-ciudadanos"],"amp_enabled":true,"_links":{"self":[{"href":"https:\/\/labestiapolitica.com.mx\/index.php?rest_route=\/wp\/v2\/posts\/67047","targetHints":{"allow":["GET"]}}],"collection":[{"href":"https:\/\/labestiapolitica.com.mx\/index.php?rest_route=\/wp\/v2\/posts"}],"about":[{"href":"https:\/\/labestiapolitica.com.mx\/index.php?rest_route=\/wp\/v2\/types\/post"}],"author":[{"embeddable":true,"href":"https:\/\/labestiapolitica.com.mx\/index.php?rest_route=\/wp\/v2\/users\/6"}],"replies":[{"embeddable":true,"href":"https:\/\/labestiapolitica.com.mx\/index.php?rest_route=%2Fwp%2Fv2%2Fcomments&post=67047"}],"version-history":[{"count":1,"href":"https:\/\/labestiapolitica.com.mx\/index.php?rest_route=\/wp\/v2\/posts\/67047\/revisions"}],"predecessor-version":[{"id":67049,"href":"https:\/\/labestiapolitica.com.mx\/index.php?rest_route=\/wp\/v2\/posts\/67047\/revisions\/67049"}],"wp:featuredmedia":[{"embeddable":true,"href":"https:\/\/labestiapolitica.com.mx\/index.php?rest_route=\/wp\/v2\/media\/67048"}],"wp:attachment":[{"href":"https:\/\/labestiapolitica.com.mx\/index.php?rest_route=%2Fwp%2Fv2%2Fmedia&parent=67047"}],"wp:term":[{"taxonomy":"category","embeddable":true,"href":"https:\/\/labestiapolitica.com.mx\/index.php?rest_route=%2Fwp%2Fv2%2Fcategories&post=67047"},{"taxonomy":"post_tag","embeddable":true,"href":"https:\/\/labestiapolitica.com.mx\/index.php?rest_route=%2Fwp%2Fv2%2Ftags&post=67047"}],"curies":[{"name":"wp","href":"https:\/\/api.w.org\/{rel}","templated":true}]}}