{"id":67055,"date":"2026-03-18T17:28:08","date_gmt":"2026-03-18T23:28:08","guid":{"rendered":"https:\/\/labestiapolitica.com.mx\/?p=67055"},"modified":"2026-03-18T17:28:08","modified_gmt":"2026-03-18T23:28:08","slug":"valquirico-anuncia-el-festival-de-la-paella-2026-como-cierre-del-festival-iberico","status":"publish","type":"post","link":"https:\/\/labestiapolitica.com.mx\/?p=67055","title":{"rendered":"Val\u2019Quirico anuncia el Festival de la Paella 2026 como cierre del Festival Ib\u00e9rico."},"content":{"rendered":"<p style=\"text-align: justify;\">Como parte de las actividades de cierre del Festival Ib\u00e9rico 2026, el pr\u00f3ximo s\u00e1bado 21 de marzo se llevar\u00e1 a cabo el Festival de la Paella en Val\u2019Quirico, evento gastron\u00f3mico y cultural que reunir\u00e1 m\u00fasica en vivo, ambiente ib\u00e9rico y la preparaci\u00f3n de 17 paellas por chefs invitados, entre ellos el reconocido<\/p>\n<p style=\"text-align: justify;\">Francisco Guti\u00e9rrez Lara, quien es el primer juez mexicano en la historia del Concurso Internacional de Sueca y representante de M\u00e9xico en el Concurso Internacional de Paella en Valencia, Espa\u00f1a.<\/p>\n<p style=\"text-align: justify;\">El festival contar\u00e1 con cupo limitado y se desarrollar\u00e1 a partir de las 13 horas en la zona del Centro ecuestre de Val\u2019Quirico.<\/p>\n<p style=\"text-align: justify;\">La degustaci\u00f3n ilimitada de paellas estar\u00e1 acompa\u00f1ada de un programa art\u00edstico que incluye entre otros artistas, flamenco, estudiantinas y el cierre estelar con Piratas de Sabina para todos los amantes del repertorio de Joaqu\u00edn Sabina.<\/p>\n<p style=\"text-align: justify;\">La entrada a esta experiencia que tambi\u00e9n incluye degustaci\u00f3n de vino, tequila y mezcal, tiene un costo de $1,500 por persona y los boletos est\u00e1n disponibles es boletea.com<\/p>\n<p style=\"text-align: justify;\">El evento forma parte de la quinta edici\u00f3n del Festival Ib\u00e9rico, que este a\u00f1o ha reunido a miles de visitantes en Val\u2019Quirico, consolid\u00e1ndose como una de las celebraciones culturales m\u00e1s importantes de la regi\u00f3n.<\/p>\n<p style=\"text-align: justify;\">Te recomendamos asistir con zapatos c\u00f3modos y vestir con un toque espa\u00f1ol para lograr la atm\u00f3sfera \u00fanica del Ib\u00e9rico.<\/p>\n<p style=\"text-align: justify;\">Para mayores informes puedes consultar el sitio\u00a0<a href=\"http:\/\/www.festivaliberico.com\">http:\/\/www.festivaliberico.com<\/a><\/p>\n<p style=\"text-align: justify;\"><strong><em>IG y FB: @valquirico @festivaliberico<\/em><\/strong><\/p>\n","protected":false},"excerpt":{"rendered":"<p>Como parte de las actividades de cierre del Festival Ib\u00e9rico 2026, el pr\u00f3ximo s\u00e1bado 21 de marzo se llevar\u00e1 a cabo el Festival de la Paella en Val\u2019Quirico, evento gastron\u00f3mico y cultural que reunir\u00e1 m\u00fasica en vivo, ambiente ib\u00e9rico y la preparaci\u00f3n de 17 paellas por chefs invitados, entre ellos el reconocido Francisco Guti\u00e9rrez Lara, [&hellip;]<\/p>\n","protected":false},"author":5,"featured_media":67056,"comment_status":"open","ping_status":"open","sticky":false,"template":"","format":"standard","meta":{"footnotes":""},"categories":[3,7,8],"tags":[],"class_list":["post-67055","post","type-post","status-publish","format-standard","has-post-thumbnail","hentry","category-8-columnas","category-ciudadanos","category-redes"],"amp_enabled":true,"_links":{"self":[{"href":"https:\/\/labestiapolitica.com.mx\/index.php?rest_route=\/wp\/v2\/posts\/67055","targetHints":{"allow":["GET"]}}],"collection":[{"href":"https:\/\/labestiapolitica.com.mx\/index.php?rest_route=\/wp\/v2\/posts"}],"about":[{"href":"https:\/\/labestiapolitica.com.mx\/index.php?rest_route=\/wp\/v2\/types\/post"}],"author":[{"embeddable":true,"href":"https:\/\/labestiapolitica.com.mx\/index.php?rest_route=\/wp\/v2\/users\/5"}],"replies":[{"embeddable":true,"href":"https:\/\/labestiapolitica.com.mx\/index.php?rest_route=%2Fwp%2Fv2%2Fcomments&post=67055"}],"version-history":[{"count":1,"href":"https:\/\/labestiapolitica.com.mx\/index.php?rest_route=\/wp\/v2\/posts\/67055\/revisions"}],"predecessor-version":[{"id":67057,"href":"https:\/\/labestiapolitica.com.mx\/index.php?rest_route=\/wp\/v2\/posts\/67055\/revisions\/67057"}],"wp:featuredmedia":[{"embeddable":true,"href":"https:\/\/labestiapolitica.com.mx\/index.php?rest_route=\/wp\/v2\/media\/67056"}],"wp:attachment":[{"href":"https:\/\/labestiapolitica.com.mx\/index.php?rest_route=%2Fwp%2Fv2%2Fmedia&parent=67055"}],"wp:term":[{"taxonomy":"category","embeddable":true,"href":"https:\/\/labestiapolitica.com.mx\/index.php?rest_route=%2Fwp%2Fv2%2Fcategories&post=67055"},{"taxonomy":"post_tag","embeddable":true,"href":"https:\/\/labestiapolitica.com.mx\/index.php?rest_route=%2Fwp%2Fv2%2Ftags&post=67055"}],"curies":[{"name":"wp","href":"https:\/\/api.w.org\/{rel}","templated":true}]}}