{"id":69550,"date":"2026-04-11T09:22:44","date_gmt":"2026-04-11T15:22:44","guid":{"rendered":"https:\/\/labestiapolitica.com.mx\/?p=69550"},"modified":"2026-04-12T12:23:05","modified_gmt":"2026-04-12T18:23:05","slug":"alumnos-de-la-escuela-de-musica-reinterpretan-el-himno-de-tlaxcala-gobernadora-impulsa-talento-joven","status":"publish","type":"post","link":"https:\/\/labestiapolitica.com.mx\/?p=69550","title":{"rendered":"Alumnos de la Escuela de M\u00fasica reinterpretan el Himno de Tlaxcala; gobernadora impulsa talento joven."},"content":{"rendered":"<ul>\n<li style=\"text-align: justify;\">La nueva versi\u00f3n sinf\u00f3nica y coral ser\u00e1 llevada a escuelas y actos oficiales en el marco de su 40 aniversario<\/li>\n<\/ul>\n<p style=\"text-align: justify;\">Durante una visita sorpresa a la Escuela de M\u00fasica del Estado (EMET), la gobernadora Lorena Cu\u00e9llar Cisneros escuch\u00f3 a las y los j\u00f3venes que trabajan en una nueva versi\u00f3n del Himno a Tlaxcala, en un encuentro que reconoci\u00f3 el talento de una generaci\u00f3n que hoy da nueva vida al principal s\u00edmbolo musical del estado.<\/p>\n<p style=\"text-align: justify;\">Acompa\u00f1ada por la secretaria de Cultura, Karen \u00c1lvarez Villeda; y por la presidenta honor\u00edfica del Comit\u00e9 Consultivo de Bienestar, Mar\u00eda Fernanda Espinosa de los Monteros Cu\u00e9llar; la mandataria presenci\u00f3 los ensayos de esta reinterpretaci\u00f3n que mantiene la esencia del himno adoptado en 1986 de manera oficial, pero lo proyecta con una visi\u00f3n contempor\u00e1nea.<\/p>\n<p style=\"text-align: justify;\">\u201cSe enchina la piel de escucharlos, es un gran orgullo que ustedes est\u00e9n dando una nueva vida a nuestro himno\u201d, expres\u00f3 la gobernadora al reconocer el esfuerzo y la disciplina detr\u00e1s de este trabajo art\u00edstico.<\/p>\n<p style=\"text-align: justify;\">La nueva versi\u00f3n \u2014adaptada para orquesta sinf\u00f3nica y coro\u2014 ser\u00e1 difundida en escuelas y eventos oficiales, adem\u00e1s de acompa\u00f1arse de un material audiovisual que ampliar\u00e1 su alcance.<\/p>\n<p style=\"text-align: justify;\">Como parte de su impulso, se prev\u00e9 la realizaci\u00f3n de un evento emblem\u00e1tico en el Conjunto Conventual Franciscano y Catedralicio de Nuestra Se\u00f1ora de la Asunci\u00f3n, donde se presentar\u00e1 p\u00fablicamente esta obra.<\/p>\n<p style=\"text-align: justify;\">En este contexto, la gobernadora subray\u00f3 la importancia de fortalecer los espacios culturales y el desarrollo art\u00edstico en la entidad, al destacar que Tlaxcala avanza en la consolidaci\u00f3n de la Ciudad de la Cultura y el Entretenimiento, as\u00ed como en nueva infraestructura para la formaci\u00f3n y proyecci\u00f3n de talentos.<\/p>\n<p style=\"text-align: justify;\">El director de la EMET, Israel Gheno L\u00f3pez, explic\u00f3 que el proyecto contempla la adaptaci\u00f3n del himno a formato con orquesta sinf\u00f3nica, con la participaci\u00f3n de estudiantes y su presentaci\u00f3n en concierto, como parte de la conmemoraci\u00f3n de sus 40 a\u00f1os como s\u00edmbolo oficial.<\/p>\n<p style=\"text-align: justify;\">La iniciativa, basada en la obra del compositor Carlos Cea y D\u00edaz, representa un esfuerzo por actualizar su interpretaci\u00f3n sin perder su esencia, reafirmando el orgullo tlaxcalteca a trav\u00e9s de una nueva generaci\u00f3n que hoy lo hace suyo y lo proyecta hacia el futuro.<\/p>\n","protected":false},"excerpt":{"rendered":"<p>La nueva versi\u00f3n sinf\u00f3nica y coral ser\u00e1 llevada a escuelas y actos oficiales en el marco de su 40 aniversario Durante una visita sorpresa a la Escuela de M\u00fasica del Estado (EMET), la gobernadora Lorena Cu\u00e9llar Cisneros escuch\u00f3 a las y los j\u00f3venes que trabajan en una nueva versi\u00f3n del Himno a Tlaxcala, en un [&hellip;]<\/p>\n","protected":false},"author":5,"featured_media":69551,"comment_status":"open","ping_status":"open","sticky":false,"template":"","format":"standard","meta":{"footnotes":""},"categories":[236],"tags":[],"class_list":["post-69550","post","type-post","status-publish","format-standard","has-post-thumbnail","hentry","category-gobierno-de-tlaxcala"],"amp_enabled":true,"_links":{"self":[{"href":"https:\/\/labestiapolitica.com.mx\/index.php?rest_route=\/wp\/v2\/posts\/69550","targetHints":{"allow":["GET"]}}],"collection":[{"href":"https:\/\/labestiapolitica.com.mx\/index.php?rest_route=\/wp\/v2\/posts"}],"about":[{"href":"https:\/\/labestiapolitica.com.mx\/index.php?rest_route=\/wp\/v2\/types\/post"}],"author":[{"embeddable":true,"href":"https:\/\/labestiapolitica.com.mx\/index.php?rest_route=\/wp\/v2\/users\/5"}],"replies":[{"embeddable":true,"href":"https:\/\/labestiapolitica.com.mx\/index.php?rest_route=%2Fwp%2Fv2%2Fcomments&post=69550"}],"version-history":[{"count":1,"href":"https:\/\/labestiapolitica.com.mx\/index.php?rest_route=\/wp\/v2\/posts\/69550\/revisions"}],"predecessor-version":[{"id":69552,"href":"https:\/\/labestiapolitica.com.mx\/index.php?rest_route=\/wp\/v2\/posts\/69550\/revisions\/69552"}],"wp:featuredmedia":[{"embeddable":true,"href":"https:\/\/labestiapolitica.com.mx\/index.php?rest_route=\/wp\/v2\/media\/69551"}],"wp:attachment":[{"href":"https:\/\/labestiapolitica.com.mx\/index.php?rest_route=%2Fwp%2Fv2%2Fmedia&parent=69550"}],"wp:term":[{"taxonomy":"category","embeddable":true,"href":"https:\/\/labestiapolitica.com.mx\/index.php?rest_route=%2Fwp%2Fv2%2Fcategories&post=69550"},{"taxonomy":"post_tag","embeddable":true,"href":"https:\/\/labestiapolitica.com.mx\/index.php?rest_route=%2Fwp%2Fv2%2Ftags&post=69550"}],"curies":[{"name":"wp","href":"https:\/\/api.w.org\/{rel}","templated":true}]}}