{"id":69702,"date":"2026-04-13T12:00:16","date_gmt":"2026-04-13T18:00:16","guid":{"rendered":"https:\/\/labestiapolitica.com.mx\/?p=69702"},"modified":"2026-04-13T19:17:48","modified_gmt":"2026-04-14T01:17:48","slug":"desde-la-mananera-presidenta-claudia-sheinbaum-coloca-a-tlaxcala-como-modelo-nacional","status":"publish","type":"post","link":"https:\/\/labestiapolitica.com.mx\/?p=69702","title":{"rendered":"Desde la Ma\u00f1anera, presidenta Claudia Sheinbaum coloca a Tlaxcala como modelo nacional."},"content":{"rendered":"<ul>\n<li style=\"text-align: justify;\">La presidenta Claudia Sheinbaum Pardo destac\u00f3 que el esquema del Polo de Desarrollo Econ\u00f3mico para el Bienestar de Huamantla ordena la inversi\u00f3n, genera empleo y acerca servicios a las y los trabajadores desde el territorio_<\/li>\n<\/ul>\n<p style=\"text-align: justify;\">Durante la \u201cMa\u00f1anera del Pueblo\u201d de este lunes 13 de abril, la presidenta Claudia Sheinbaum Pardo reiter\u00f3 que el modelo del Polo de Desarrollo Econ\u00f3mico para el Bienestar implementado en Tlaxcala ser\u00e1 llevado a distintas regiones del pa\u00eds, al reconocerlo como una estrategia eficaz para atraer inversi\u00f3n industrial y detonar crecimiento en beneficio de las familias.<\/p>\n<p style=\"text-align: justify;\">\u201cVamos a llevar el modelo Tlaxcala a todo el pa\u00eds\u201d, afirm\u00f3, al posicionarlo como una referencia nacional para impulsar la producci\u00f3n, la inversi\u00f3n y la prosperidad compartida desde el territorio.<\/p>\n<p style=\"text-align: justify;\">Ante medios nacionales, la mandataria federal explic\u00f3 que el modelo impulsado por la gobernadora Lorena Cu\u00e9llar Cisneros ha sido particularmente relevante, al partir de una visi\u00f3n donde primero se construyen las condiciones para el desarrollo, lo que permiti\u00f3 ofrecer espacios listos para la instalaci\u00f3n de empresas a inversionistas.<\/p>\n<p style=\"text-align: justify;\">\u201cEste esquema incorpora una dimensi\u00f3n social, al contemplar vivienda, escuelas, centros de salud y servicios cercanos para las y los trabajadores. Incluso, se desarroll\u00f3 un espacio con instalaciones para el bienestar laboral, como comedores, \u00e1reas de descanso, gimnasio y una estancia infantil, lo que fortalece las condiciones de vida dentro del propio polo\u201d, afirm\u00f3.<\/p>\n<p style=\"text-align: justify;\">En ese sentido, destac\u00f3 que en Tlaxcala se eligi\u00f3 un terreno y se llev\u00f3 a cabo su urbanizaci\u00f3n integral con infraestructura b\u00e1sica como vialidades, acceso al agua, planta de tratamiento y energ\u00eda para incentivar el desarrollo econ\u00f3mico de la regi\u00f3n de Huamantla.<\/p>\n<p style=\"text-align: justify;\">Sheinbaum Pardo se\u00f1al\u00f3 que el modelo tambi\u00e9n destaca por su viabilidad financiera, ya que el desarrollo inicial se recupera mediante la venta de los predios, lo que permite sostener el crecimiento sin recurrir a endeudamiento. Adem\u00e1s, puntualiz\u00f3 que el gobierno estatal mantiene la administraci\u00f3n del polo para garantizar el uso de suelo, as\u00ed como condiciones de seguridad mediante sistemas de videovigilancia y centros de control.<\/p>\n<p style=\"text-align: justify;\">La presidenta indic\u00f3 que el \u00e9xito de este esquema ha sido tal que Tlaxcala ya adquiri\u00f3 un segundo terreno para ampliar el modelo y ha solicitado apoyo federal para un tercer espacio, ante la alta demanda de empresas interesadas.<\/p>\n<p style=\"text-align: justify;\">Finalmente, reconoci\u00f3 la conducci\u00f3n del gobierno estatal y afirm\u00f3 que este modelo demuestra que, con orden, planeaci\u00f3n y manejo responsable de los recursos, es posible generar desarrollo econ\u00f3mico sostenido.<\/p>\n","protected":false},"excerpt":{"rendered":"<p>La presidenta Claudia Sheinbaum Pardo destac\u00f3 que el esquema del Polo de Desarrollo Econ\u00f3mico para el Bienestar de Huamantla ordena la inversi\u00f3n, genera empleo y acerca servicios a las y los trabajadores desde el territorio_ Durante la \u201cMa\u00f1anera del Pueblo\u201d de este lunes 13 de abril, la presidenta Claudia Sheinbaum Pardo reiter\u00f3 que el modelo [&hellip;]<\/p>\n","protected":false},"author":5,"featured_media":69704,"comment_status":"open","ping_status":"open","sticky":false,"template":"","format":"standard","meta":{"footnotes":""},"categories":[236],"tags":[],"class_list":["post-69702","post","type-post","status-publish","format-standard","has-post-thumbnail","hentry","category-gobierno-de-tlaxcala"],"amp_enabled":true,"_links":{"self":[{"href":"https:\/\/labestiapolitica.com.mx\/index.php?rest_route=\/wp\/v2\/posts\/69702","targetHints":{"allow":["GET"]}}],"collection":[{"href":"https:\/\/labestiapolitica.com.mx\/index.php?rest_route=\/wp\/v2\/posts"}],"about":[{"href":"https:\/\/labestiapolitica.com.mx\/index.php?rest_route=\/wp\/v2\/types\/post"}],"author":[{"embeddable":true,"href":"https:\/\/labestiapolitica.com.mx\/index.php?rest_route=\/wp\/v2\/users\/5"}],"replies":[{"embeddable":true,"href":"https:\/\/labestiapolitica.com.mx\/index.php?rest_route=%2Fwp%2Fv2%2Fcomments&post=69702"}],"version-history":[{"count":1,"href":"https:\/\/labestiapolitica.com.mx\/index.php?rest_route=\/wp\/v2\/posts\/69702\/revisions"}],"predecessor-version":[{"id":69705,"href":"https:\/\/labestiapolitica.com.mx\/index.php?rest_route=\/wp\/v2\/posts\/69702\/revisions\/69705"}],"wp:featuredmedia":[{"embeddable":true,"href":"https:\/\/labestiapolitica.com.mx\/index.php?rest_route=\/wp\/v2\/media\/69704"}],"wp:attachment":[{"href":"https:\/\/labestiapolitica.com.mx\/index.php?rest_route=%2Fwp%2Fv2%2Fmedia&parent=69702"}],"wp:term":[{"taxonomy":"category","embeddable":true,"href":"https:\/\/labestiapolitica.com.mx\/index.php?rest_route=%2Fwp%2Fv2%2Fcategories&post=69702"},{"taxonomy":"post_tag","embeddable":true,"href":"https:\/\/labestiapolitica.com.mx\/index.php?rest_route=%2Fwp%2Fv2%2Ftags&post=69702"}],"curies":[{"name":"wp","href":"https:\/\/api.w.org\/{rel}","templated":true}]}}