{"id":71093,"date":"2026-04-25T19:27:35","date_gmt":"2026-04-26T01:27:35","guid":{"rendered":"https:\/\/labestiapolitica.com.mx\/?p=71093"},"modified":"2026-04-25T19:28:06","modified_gmt":"2026-04-26T01:28:06","slug":"invita-gobierno-de-alfonso-sanchez-a-la-gran-celebracion-del-dia-de-la-ninez-el-30-de-abril-en-la-plaza-de-toros-jorge-aguilar-el-ranchero","status":"publish","type":"post","link":"https:\/\/labestiapolitica.com.mx\/?p=71093","title":{"rendered":"Invita gobierno de Alfonso S\u00e1nchez a la gran celebraci\u00f3n del D\u00eda de la Ni\u00f1ez el 30 de abril en la Plaza de Toros Jorge \u201cAguilar el Ranchero\u201d.."},"content":{"rendered":"<div data-xid=\"Gd7Hsc\" data-sfc-cp=\"\" data-sfc-root=\"c\" data-wiz-uids=\"c5Ktjf_v\" data-sfc-cb=\"\" data-complete=\"true\" data-processed=\"true\">\n<div class=\"DBd2Wb\" data-complete=\"true\" data-processed=\"true\"><span style=\"text-align: justify;\">El Ayuntamiento de Tlaxcala, que preside Alfonso S\u00e1nchez Garc\u00eda, alista una gran celebraci\u00f3n para conmemorar el D\u00eda de la Ni\u00f1ez, por lo que extiende una atenta invitaci\u00f3n a la ciudadan\u00eda a asistir el pr\u00f3ximo jueves 30 de abril, a las 16:00 horas, en la Plaza de Toros Jorge Aguilar \u201cEl Ranchero\u201d.<\/span><\/div>\n<\/div>\n<p style=\"text-align: justify;\">Mediante el esfuerzo coordinado por el Sistema Municipal DIF, las diversas \u00e1reas del gobierno municipal alistan todos los detalles de este evento que tiene por objetivo convertir esta fecha en una experiencia inolvidable para las y los infantes.<\/p>\n<p style=\"text-align: justify;\">La jornada estar\u00e1 llena de momentos de emoci\u00f3n y sonrisas, con un programa preparado para despertar la ilusi\u00f3n de las ni\u00f1as y los ni\u00f1os, que incluir\u00e1 show de magia, regalos, lunch, la presentaci\u00f3n de una imitadora de Tatiana y muchas sorpresas m\u00e1s.<\/p>\n<p style=\"text-align: justify;\">Para asegurar que esta celebraci\u00f3n se desarrolle en un entorno ordenado y seguro, el Ayuntamiento de Tlaxcala permitir\u00e1 el acceso de un adulto por cada ni\u00f1a o ni\u00f1o, medida que garantizar\u00e1 un adecuado control del aforo dentro del recinto.<\/p>\n<p style=\"text-align: justify;\">Cabe destacar que las familias pueden acudir a sus presidencias de comunidad para obtener sus boletos de ingreso a este evento pensado en la convivencia familiar.<\/p>\n<p style=\"text-align: justify;\">Con estas acciones, el gobierno de Alfonso S\u00e1nchez, siempre cercano a la gente, organiza este tipo de eventos con sentido humano, donde cada decisi\u00f3n est\u00e1 orientada al bienestar de las familias.<\/p>\n","protected":false},"excerpt":{"rendered":"<p>El Ayuntamiento de Tlaxcala, que preside Alfonso S\u00e1nchez Garc\u00eda, alista una gran celebraci\u00f3n para conmemorar el D\u00eda de la Ni\u00f1ez, por lo que extiende una atenta invitaci\u00f3n a la ciudadan\u00eda a asistir el pr\u00f3ximo jueves 30 de abril, a las 16:00 horas, en la Plaza de Toros Jorge Aguilar \u201cEl Ranchero\u201d. Mediante el esfuerzo coordinado [&hellip;]<\/p>\n","protected":false},"author":5,"featured_media":71094,"comment_status":"open","ping_status":"open","sticky":false,"template":"","format":"standard","meta":{"footnotes":""},"categories":[216,214],"tags":[],"class_list":["post-71093","post","type-post","status-publish","format-standard","has-post-thumbnail","hentry","category-municipios","category-tlaxcala-capital"],"amp_enabled":true,"_links":{"self":[{"href":"https:\/\/labestiapolitica.com.mx\/index.php?rest_route=\/wp\/v2\/posts\/71093","targetHints":{"allow":["GET"]}}],"collection":[{"href":"https:\/\/labestiapolitica.com.mx\/index.php?rest_route=\/wp\/v2\/posts"}],"about":[{"href":"https:\/\/labestiapolitica.com.mx\/index.php?rest_route=\/wp\/v2\/types\/post"}],"author":[{"embeddable":true,"href":"https:\/\/labestiapolitica.com.mx\/index.php?rest_route=\/wp\/v2\/users\/5"}],"replies":[{"embeddable":true,"href":"https:\/\/labestiapolitica.com.mx\/index.php?rest_route=%2Fwp%2Fv2%2Fcomments&post=71093"}],"version-history":[{"count":2,"href":"https:\/\/labestiapolitica.com.mx\/index.php?rest_route=\/wp\/v2\/posts\/71093\/revisions"}],"predecessor-version":[{"id":71096,"href":"https:\/\/labestiapolitica.com.mx\/index.php?rest_route=\/wp\/v2\/posts\/71093\/revisions\/71096"}],"wp:featuredmedia":[{"embeddable":true,"href":"https:\/\/labestiapolitica.com.mx\/index.php?rest_route=\/wp\/v2\/media\/71094"}],"wp:attachment":[{"href":"https:\/\/labestiapolitica.com.mx\/index.php?rest_route=%2Fwp%2Fv2%2Fmedia&parent=71093"}],"wp:term":[{"taxonomy":"category","embeddable":true,"href":"https:\/\/labestiapolitica.com.mx\/index.php?rest_route=%2Fwp%2Fv2%2Fcategories&post=71093"},{"taxonomy":"post_tag","embeddable":true,"href":"https:\/\/labestiapolitica.com.mx\/index.php?rest_route=%2Fwp%2Fv2%2Ftags&post=71093"}],"curies":[{"name":"wp","href":"https:\/\/api.w.org\/{rel}","templated":true}]}}