{"id":71097,"date":"2026-04-25T19:31:59","date_gmt":"2026-04-26T01:31:59","guid":{"rendered":"https:\/\/labestiapolitica.com.mx\/?p=71097"},"modified":"2026-04-25T19:31:59","modified_gmt":"2026-04-26T01:31:59","slug":"este-domingo-26-de-abril-se-realizara-el-concierto-final-puentes-de-cuerda-en-tetlanohcan","status":"publish","type":"post","link":"https:\/\/labestiapolitica.com.mx\/?p=71097","title":{"rendered":"Este domingo 26 de abril se realizar\u00e1 el Concierto Final \u201cPuentes de Cuerda\u201d en Tetlanohcan."},"content":{"rendered":"<p style=\"text-align: justify;\">Ma\u00f1ana domingo 26 de abril se llevar\u00e1 a cabo el Concierto Final \u201cPuentes de Cuerda\u201d, una presentaci\u00f3n que reunir\u00e1 el talento musical local en un espacio dedicado a la cultura y las artes.<\/p>\n<p style=\"text-align: justify;\">El evento se realizar\u00e1 a las 15:00 horas en la Biblioteca Municipal de San Francisco Tetlanohcan, conocida como Casa de Piedra, donde las y los asistentes podr\u00e1n disfrutar de un programa que refleja la formaci\u00f3n, disciplina y pasi\u00f3n por la m\u00fasica.<\/p>\n<p style=\"text-align: justify;\">Este concierto forma parte de un proyecto apoyado por el Programa de Est\u00edmulo a la Creaci\u00f3n y Desarrollo Art\u00edstico (PECDA Tlaxcala 2025), contribuyendo al fortalecimiento de la actividad cultural en el municipio.<\/p>\n<p style=\"text-align: justify;\">La presentaci\u00f3n estar\u00e1 a cargo de Diego Esau Tlilayatzi Rivera, quien encabeza este proyecto art\u00edstico enfocado en impulsar el talento local.<\/p>\n<p style=\"text-align: justify;\">La presidenta municipal de Tetlanohcan, Kritsbey P\u00e9rez Flores, hizo un llamado a las familias del municipio a asistir a este tipo de actividades culturales, destacando la importancia de apoyar el talento local y fomentar espacios de convivencia que fortalecen la identidad y el tejido social.<\/p>\n<p style=\"text-align: justify;\">La entrada es libre, por lo que se invita a la poblaci\u00f3n a ser parte de este evento que promueve la m\u00fasica como un v\u00ednculo de uni\u00f3n y expresi\u00f3n cultural.<\/p>\n","protected":false},"excerpt":{"rendered":"<p>Ma\u00f1ana domingo 26 de abril se llevar\u00e1 a cabo el Concierto Final \u201cPuentes de Cuerda\u201d, una presentaci\u00f3n que reunir\u00e1 el talento musical local en un espacio dedicado a la cultura y las artes. El evento se realizar\u00e1 a las 15:00 horas en la Biblioteca Municipal de San Francisco Tetlanohcan, conocida como Casa de Piedra, donde [&hellip;]<\/p>\n","protected":false},"author":5,"featured_media":71098,"comment_status":"open","ping_status":"open","sticky":false,"template":"","format":"standard","meta":{"footnotes":""},"categories":[216,259],"tags":[],"class_list":["post-71097","post","type-post","status-publish","format-standard","has-post-thumbnail","hentry","category-municipios","category-tetlanohcan"],"amp_enabled":true,"_links":{"self":[{"href":"https:\/\/labestiapolitica.com.mx\/index.php?rest_route=\/wp\/v2\/posts\/71097","targetHints":{"allow":["GET"]}}],"collection":[{"href":"https:\/\/labestiapolitica.com.mx\/index.php?rest_route=\/wp\/v2\/posts"}],"about":[{"href":"https:\/\/labestiapolitica.com.mx\/index.php?rest_route=\/wp\/v2\/types\/post"}],"author":[{"embeddable":true,"href":"https:\/\/labestiapolitica.com.mx\/index.php?rest_route=\/wp\/v2\/users\/5"}],"replies":[{"embeddable":true,"href":"https:\/\/labestiapolitica.com.mx\/index.php?rest_route=%2Fwp%2Fv2%2Fcomments&post=71097"}],"version-history":[{"count":1,"href":"https:\/\/labestiapolitica.com.mx\/index.php?rest_route=\/wp\/v2\/posts\/71097\/revisions"}],"predecessor-version":[{"id":71099,"href":"https:\/\/labestiapolitica.com.mx\/index.php?rest_route=\/wp\/v2\/posts\/71097\/revisions\/71099"}],"wp:featuredmedia":[{"embeddable":true,"href":"https:\/\/labestiapolitica.com.mx\/index.php?rest_route=\/wp\/v2\/media\/71098"}],"wp:attachment":[{"href":"https:\/\/labestiapolitica.com.mx\/index.php?rest_route=%2Fwp%2Fv2%2Fmedia&parent=71097"}],"wp:term":[{"taxonomy":"category","embeddable":true,"href":"https:\/\/labestiapolitica.com.mx\/index.php?rest_route=%2Fwp%2Fv2%2Fcategories&post=71097"},{"taxonomy":"post_tag","embeddable":true,"href":"https:\/\/labestiapolitica.com.mx\/index.php?rest_route=%2Fwp%2Fv2%2Ftags&post=71097"}],"curies":[{"name":"wp","href":"https:\/\/api.w.org\/{rel}","templated":true}]}}