{"id":71110,"date":"2026-04-26T11:18:04","date_gmt":"2026-04-26T17:18:04","guid":{"rendered":"https:\/\/labestiapolitica.com.mx\/?p=71110"},"modified":"2026-04-26T11:18:37","modified_gmt":"2026-04-26T17:18:37","slug":"el-ite-no-es-un-empleado-de-la-gobernadora-vocero-defiende-autonomia-del-organo-electoral-ante-criticas-del-pri-y-prd","status":"publish","type":"post","link":"https:\/\/labestiapolitica.com.mx\/?p=71110","title":{"rendered":"\u201cEl ITE no es un empleado de la gobernadora\u201d: vocero defiende autonom\u00eda del \u00f3rgano electoral ante cr\u00edticas del PRI y PRD"},"content":{"rendered":"<ul>\n<li class=\"p1\" style=\"text-align: justify;\">Antonio Mart\u00ednez Vel\u00e1zquez llam\u00f3 a respetar las decisiones colegiadas del Instituto Tlaxcalteca de Elecciones y calific\u00f3 como \u201cmala pr\u00e1ctica pol\u00edtica\u201d se\u00f1alar a los organismos electorales.<\/li>\n<\/ul>\n<p class=\"p1\" style=\"text-align: justify;\"><span class=\"s1\">Mariana LOVERA\/\/ Tras las recientes cr\u00edticas del PRI y el PRD hacia el Instituto Tlaxcalteca de Elecciones (ITE) por haber desechado medidas cautelares contra la senadora Ana Lilia Rivera y el alcalde de Tlaxcala, Alfonso S\u00e1nchez Garc\u00eda, el vocero del gobierno estatal, Antonio Mart\u00ednez Vel\u00e1zquez, sali\u00f3 en defensa de la autonom\u00eda del organismo y rechaz\u00f3 que est\u00e9 subordinado al Poder Ejecutivo local.<\/span><\/p>\n<p class=\"p1\" style=\"text-align: justify;\"><span class=\"s1\">\u201cNo depende del gobierno del estado, no es un empleado de la gobernadora \u2014como no es un empleado de la presidenta quien est\u00e9 en el INE nacional\u201d, enfatiz\u00f3 Mart\u00ednez Vel\u00e1zquez, al tiempo que record\u00f3 que tanto el INE como el ITE cuentan con \u201ccapacidad de autonom\u00eda t\u00e9cnica, presupuestal y decisiones colegiadas\u201d para resolver controversias dentro de su competencia.<\/span><\/p>\n<p class=\"p1\" style=\"text-align: justify;\"><span class=\"s1\">El vocero consider\u00f3 que \u201ces una muy mala pr\u00e1ctica pol\u00edtica\u201d atacar a las autoridades electorales y subray\u00f3 la necesidad de \u201crespetar lo que esta instituci\u00f3n acuerda y resuelve dentro de sus \u00f3rganos de decisi\u00f3n\u201d, que en este caso son consejos con resoluciones colegiadas, no unipersonales.<\/span><\/p>\n<p class=\"p1\" style=\"text-align: justify;\"><span class=\"s1\">Sus declaraciones se dan luego de que el PRI, a trav\u00e9s de su dirigente estatal Enrique Padilla y la senadora Anabell \u00c1valos, acusara al ITE de carecer de imparcialidad y actuar como \u201cdefensor de Morena\u201d. \u00c1valos advirti\u00f3 que llevar\u00e1 el caso al Senado y denunci\u00f3 un \u201criesgo para la democracia\u201d por la falta de piso parejo.<\/span><\/p>\n<p class=\"p1\" style=\"text-align: justify;\"><span class=\"s1\">Por su parte, el l\u00edder del PRD, Juan Manuel Cambr\u00f3n, calific\u00f3 la sesi\u00f3n del Consejo General del ITE como un \u201ccirco\u201d, sentenci\u00f3 que \u201cla democracia en Tlaxcala est\u00e1 de luto\u201d y anunci\u00f3 el retiro del voto de confianza al consejero presidente, Emmanuel \u00c1vila, a quien acus\u00f3 de querer \u201cquedar bien con el grupo pol\u00edtico del gobierno\u201d.<\/span><\/p>\n<p class=\"p1\" style=\"text-align: justify;\"><span class=\"s1\">Ante estos se\u00f1alamientos, Mart\u00ednez Vel\u00e1zquez defendi\u00f3 la trayectoria de los organismos electorales y asegur\u00f3 que, pese a lo ocurrido en sexenios anteriores \u2014como el \u201cfraude\u201d de 2006 a nivel federal\u2014, tambi\u00e9n han estado \u201ca la altura del mandato del pueblo\u201d. Insisti\u00f3 en que los ciudadanos son quienes realmente construyen las elecciones al participar como presidentes y secretarios de casilla.<\/span><\/p>\n<p class=\"p1\" style=\"text-align: justify;\"><span class=\"s1\">\u201cSomos una democracia muy bien consolidada en la parte procedimental\u201d, afirm\u00f3 el vocero, y llam\u00f3 a entender cu\u00e1l es el \u00e1mbito del ITE: \u201cHay que respetarlo, hay que entender c\u00f3mo toma las decisiones [\u2026] deber\u00eda ser de inter\u00e9s com\u00fan que las autoridades electorales y la democracia sigan funcionando bien y con gran participaci\u00f3n ciudadana\u201d.<\/span><\/p>\n","protected":false},"excerpt":{"rendered":"<p>Antonio Mart\u00ednez Vel\u00e1zquez llam\u00f3 a respetar las decisiones colegiadas del Instituto Tlaxcalteca de Elecciones y calific\u00f3 como \u201cmala pr\u00e1ctica pol\u00edtica\u201d se\u00f1alar a los organismos electorales. Mariana LOVERA\/\/ Tras las recientes cr\u00edticas del PRI y el PRD hacia el Instituto Tlaxcalteca de Elecciones (ITE) por haber desechado medidas cautelares contra la senadora Ana Lilia Rivera y [&hellip;]<\/p>\n","protected":false},"author":6,"featured_media":71111,"comment_status":"open","ping_status":"open","sticky":false,"template":"","format":"standard","meta":{"footnotes":""},"categories":[3,7],"tags":[],"class_list":["post-71110","post","type-post","status-publish","format-standard","has-post-thumbnail","hentry","category-8-columnas","category-ciudadanos"],"amp_enabled":true,"_links":{"self":[{"href":"https:\/\/labestiapolitica.com.mx\/index.php?rest_route=\/wp\/v2\/posts\/71110","targetHints":{"allow":["GET"]}}],"collection":[{"href":"https:\/\/labestiapolitica.com.mx\/index.php?rest_route=\/wp\/v2\/posts"}],"about":[{"href":"https:\/\/labestiapolitica.com.mx\/index.php?rest_route=\/wp\/v2\/types\/post"}],"author":[{"embeddable":true,"href":"https:\/\/labestiapolitica.com.mx\/index.php?rest_route=\/wp\/v2\/users\/6"}],"replies":[{"embeddable":true,"href":"https:\/\/labestiapolitica.com.mx\/index.php?rest_route=%2Fwp%2Fv2%2Fcomments&post=71110"}],"version-history":[{"count":1,"href":"https:\/\/labestiapolitica.com.mx\/index.php?rest_route=\/wp\/v2\/posts\/71110\/revisions"}],"predecessor-version":[{"id":71112,"href":"https:\/\/labestiapolitica.com.mx\/index.php?rest_route=\/wp\/v2\/posts\/71110\/revisions\/71112"}],"wp:featuredmedia":[{"embeddable":true,"href":"https:\/\/labestiapolitica.com.mx\/index.php?rest_route=\/wp\/v2\/media\/71111"}],"wp:attachment":[{"href":"https:\/\/labestiapolitica.com.mx\/index.php?rest_route=%2Fwp%2Fv2%2Fmedia&parent=71110"}],"wp:term":[{"taxonomy":"category","embeddable":true,"href":"https:\/\/labestiapolitica.com.mx\/index.php?rest_route=%2Fwp%2Fv2%2Fcategories&post=71110"},{"taxonomy":"post_tag","embeddable":true,"href":"https:\/\/labestiapolitica.com.mx\/index.php?rest_route=%2Fwp%2Fv2%2Ftags&post=71110"}],"curies":[{"name":"wp","href":"https:\/\/api.w.org\/{rel}","templated":true}]}}