{"id":71115,"date":"2026-04-26T11:44:32","date_gmt":"2026-04-26T17:44:32","guid":{"rendered":"https:\/\/labestiapolitica.com.mx\/?p=71115"},"modified":"2026-04-26T11:45:03","modified_gmt":"2026-04-26T17:45:03","slug":"baja-percepcion-de-inseguridad-en-tlaxcala-segun-inegi-pero-persiste-temor-en-calles-y-cajeros","status":"publish","type":"post","link":"https:\/\/labestiapolitica.com.mx\/?p=71115","title":{"rendered":"Baja percepci\u00f3n de inseguridad en Tlaxcala seg\u00fan INEGI, pero persiste temor en calles y cajeros"},"content":{"rendered":"<p class=\"p1\" style=\"text-align: justify;\">Mariana LOVERA\/\/\u00a0 La percepci\u00f3n de inseguridad entre los tlaxcaltecas disminuy\u00f3 6.3 puntos porcentuales durante el primer trimestre de 2026, en comparaci\u00f3n con el periodo de octubre a diciembre de 2025, seg\u00fan los resultados de la Encuesta Nacional de Seguridad P\u00fablica Urbana (ENSU) presentados este viernes por el INEGI.<\/p>\n<p class=\"p1\" style=\"text-align: justify;\"><span class=\"s1\">Con un 63.4% de la poblaci\u00f3n de 18 a\u00f1os y m\u00e1s que considera inseguro vivir en su ciudad, Tlaxcala se coloc\u00f3 como la tercera entidad con la menor percepci\u00f3n de inseguridad a nivel nacional durante marzo de 2026. Esta cifra representa una mejora frente al 69.7% registrado en diciembre del a\u00f1o pasado.<\/span><\/p>\n<p class=\"p1\" style=\"text-align: justify;\"><span class=\"s1\">A nivel nacional, el 61.5% de la poblaci\u00f3n en 91 \u00e1reas urbanas manifest\u00f3 sentirse insegura en su ciudad. En contraste, Puebla se ubic\u00f3 en la posici\u00f3n 12 con mayor percepci\u00f3n de inseguridad al alcanzar 81.5%, aunque tambi\u00e9n report\u00f3 una reducci\u00f3n de 3 puntos respecto al cierre de 2025.<\/span><\/p>\n<p class=\"p1\" style=\"text-align: justify;\"><span class=\"s1\">A pesar del avance en Tlaxcala, la ENSU revel\u00f3 que, en el pa\u00eds, 7 de cada 10 personas se sienten inseguras en cajeros autom\u00e1ticos en v\u00eda p\u00fablica, y 65 de cada 100, en las calles.<\/span><\/p>\n","protected":false},"excerpt":{"rendered":"<p>Mariana LOVERA\/\/\u00a0 La percepci\u00f3n de inseguridad entre los tlaxcaltecas disminuy\u00f3 6.3 puntos porcentuales durante el primer trimestre de 2026, en comparaci\u00f3n con el periodo de octubre a diciembre de 2025, seg\u00fan los resultados de la Encuesta Nacional de Seguridad P\u00fablica Urbana (ENSU) presentados este viernes por el INEGI. Con un 63.4% de la poblaci\u00f3n de [&hellip;]<\/p>\n","protected":false},"author":6,"featured_media":71116,"comment_status":"open","ping_status":"open","sticky":false,"template":"","format":"standard","meta":{"footnotes":""},"categories":[3,7],"tags":[],"class_list":["post-71115","post","type-post","status-publish","format-standard","has-post-thumbnail","hentry","category-8-columnas","category-ciudadanos"],"amp_enabled":true,"_links":{"self":[{"href":"https:\/\/labestiapolitica.com.mx\/index.php?rest_route=\/wp\/v2\/posts\/71115","targetHints":{"allow":["GET"]}}],"collection":[{"href":"https:\/\/labestiapolitica.com.mx\/index.php?rest_route=\/wp\/v2\/posts"}],"about":[{"href":"https:\/\/labestiapolitica.com.mx\/index.php?rest_route=\/wp\/v2\/types\/post"}],"author":[{"embeddable":true,"href":"https:\/\/labestiapolitica.com.mx\/index.php?rest_route=\/wp\/v2\/users\/6"}],"replies":[{"embeddable":true,"href":"https:\/\/labestiapolitica.com.mx\/index.php?rest_route=%2Fwp%2Fv2%2Fcomments&post=71115"}],"version-history":[{"count":1,"href":"https:\/\/labestiapolitica.com.mx\/index.php?rest_route=\/wp\/v2\/posts\/71115\/revisions"}],"predecessor-version":[{"id":71117,"href":"https:\/\/labestiapolitica.com.mx\/index.php?rest_route=\/wp\/v2\/posts\/71115\/revisions\/71117"}],"wp:featuredmedia":[{"embeddable":true,"href":"https:\/\/labestiapolitica.com.mx\/index.php?rest_route=\/wp\/v2\/media\/71116"}],"wp:attachment":[{"href":"https:\/\/labestiapolitica.com.mx\/index.php?rest_route=%2Fwp%2Fv2%2Fmedia&parent=71115"}],"wp:term":[{"taxonomy":"category","embeddable":true,"href":"https:\/\/labestiapolitica.com.mx\/index.php?rest_route=%2Fwp%2Fv2%2Fcategories&post=71115"},{"taxonomy":"post_tag","embeddable":true,"href":"https:\/\/labestiapolitica.com.mx\/index.php?rest_route=%2Fwp%2Fv2%2Ftags&post=71115"}],"curies":[{"name":"wp","href":"https:\/\/api.w.org\/{rel}","templated":true}]}}