{"id":71120,"date":"2026-04-26T13:28:21","date_gmt":"2026-04-26T19:28:21","guid":{"rendered":"https:\/\/labestiapolitica.com.mx\/?p=71120"},"modified":"2026-04-26T13:29:27","modified_gmt":"2026-04-26T19:29:27","slug":"en-marcha-protocolo-interinstitucional-para-atender-descarrilamiento-ferroviario","status":"publish","type":"post","link":"https:\/\/labestiapolitica.com.mx\/?p=71120","title":{"rendered":"En marcha protocolo interinstitucional para atender descarrilamiento ferroviario."},"content":{"rendered":"<ul>\n<li style=\"text-align: justify;\">Derivado del tipo de carga involucrada, las maniobras para el retiro de los vagones y la liberaci\u00f3n de las v\u00edas f\u00e9rreas requerir\u00e1n que la zona permanezca cerrada aproximadamente dos a tres d\u00edas.<\/li>\n<\/ul>\n<p style=\"text-align: justify;\">La madrugada de este 26 de abril, un tren de carga que transportaba material de residuo peligroso se descarril\u00f3 a la altura de los municipios de Apizaco y Yauhquemehcan, espec\u00edficamente en la comunidad de San Jos\u00e9 Tetel, sin que se registraran fugas ni personas lesionadas, y sin representar peligro para la poblaci\u00f3n.<\/p>\n<p style=\"text-align: justify;\">De acuerdo con el reporte oficial emitido por el Centro de Control, Comando, Comunicaciones, C\u00f3mputo e Inteligencia (C5i) de Tlaxcala, el incidente fue registrado a las 02:44 horas, sin que fuera necesaria la evacuaci\u00f3n de familias en la zona.<\/p>\n<p style=\"text-align: justify;\"><img loading=\"lazy\" decoding=\"async\" class=\"alignleft wp-image-71122 size-medium\" src=\"https:\/\/labestiapolitica.com.mx\/wp-content\/uploads\/2026\/04\/32574cc0-261f-4c92-be33-a625b0cd71f8-300x225.jpg\" alt=\"\" width=\"300\" height=\"225\" srcset=\"https:\/\/labestiapolitica.com.mx\/wp-content\/uploads\/2026\/04\/32574cc0-261f-4c92-be33-a625b0cd71f8-300x225.jpg 300w, https:\/\/labestiapolitica.com.mx\/wp-content\/uploads\/2026\/04\/32574cc0-261f-4c92-be33-a625b0cd71f8-1024x768.jpg 1024w, https:\/\/labestiapolitica.com.mx\/wp-content\/uploads\/2026\/04\/32574cc0-261f-4c92-be33-a625b0cd71f8-768x576.jpg 768w, https:\/\/labestiapolitica.com.mx\/wp-content\/uploads\/2026\/04\/32574cc0-261f-4c92-be33-a625b0cd71f8-1536x1152.jpg 1536w, https:\/\/labestiapolitica.com.mx\/wp-content\/uploads\/2026\/04\/32574cc0-261f-4c92-be33-a625b0cd71f8.jpg 1600w\" sizes=\"auto, (max-width: 300px) 100vw, 300px\" \/>Tras la notificaci\u00f3n del percance, se activaron de manera inmediata los protocolos de atenci\u00f3n y coordinaci\u00f3n interinstitucional, con la participaci\u00f3n de la Guardia Nacional, la Secretar\u00eda de la Defensa Nacional (Sedena), la Secretar\u00eda de Seguridad Ciudadana, as\u00ed como corporaciones de seguridad municipal.<\/p>\n<p style=\"text-align: justify;\">Las autoridades acudieron al punto para asegurar el \u00e1rea y evaluar los riesgos, debido a que el convoy trasladaba carrotanques con aproximadamente 450 mil litros de material, pertenecientes a la empresa FerroSur, confirmando que no existen fugas del producto.<\/p>\n<p style=\"text-align: justify;\">Como parte de las acciones preventivas, se solicit\u00f3 la intervenci\u00f3n de personal de la Comisi\u00f3n Estatal de Protecci\u00f3n Civil para supervisar las condiciones del sitio y mitigar posibles riesgos a la poblaci\u00f3n, manteniendo el per\u00edmetro bajo control.<\/p>\n<p style=\"text-align: justify;\">Las autoridades informaron que, derivado de la complejidad del incidente y del tipo de carga involucrada, las maniobras para el retiro de los vagones y la liberaci\u00f3n de las v\u00edas f\u00e9rreas requerir\u00e1n que la zona permanezca cerrada dos a tres d\u00edas aproximadamente, priorizando en todo momento la seguridad de los habitantes y del personal operativo.<\/p>\n<p style=\"text-align: justify;\">El sitio permanece bajo resguardo oficial mientras contin\u00faan las labores de atenci\u00f3n por parte de Guardia Nacional y Sedena.<\/p>\n<p style=\"text-align: justify;\">Las autoridades exhortaron a la ciudadan\u00eda a evitar acercarse a la zona y mantenerse atenta a la informaci\u00f3n que se emita por canales institucionales para evitar entorpecer las investigaciones que realizan las instancias correspondientes.<\/p>\n<p style=\"text-align: justify;\">Como v\u00edas alternas tras el incidente en Yauhquemehcan, autoridades informaron que se mantiene habilitado el acceso por la zona de la estaci\u00f3n el\u00e9ctrica, en el tramo que conecta hacia San Francisco Atexcatzinco; asimismo, para quienes circulan desde Tetla de la Solidaridad, el ingreso por Matlalohcan se reporta sin congestionamiento.<\/p>\n<p style=\"text-align: justify;\">Para acceder a la colonia Morelos, se habilit\u00f3 una ruta por Tetla, a trav\u00e9s de San Francisco Atexcatzinco; de igual forma, quienes provienen de Tecopilco y Xaltocan pueden utilizar estos accesos como alternativa para llegar a dicha zona.<\/p>\n","protected":false},"excerpt":{"rendered":"<p>Derivado del tipo de carga involucrada, las maniobras para el retiro de los vagones y la liberaci\u00f3n de las v\u00edas f\u00e9rreas requerir\u00e1n que la zona permanezca cerrada aproximadamente dos a tres d\u00edas. La madrugada de este 26 de abril, un tren de carga que transportaba material de residuo peligroso se descarril\u00f3 a la altura de [&hellip;]<\/p>\n","protected":false},"author":5,"featured_media":71121,"comment_status":"open","ping_status":"open","sticky":false,"template":"","format":"standard","meta":{"footnotes":""},"categories":[12,236],"tags":[],"class_list":["post-71120","post","type-post","status-publish","format-standard","has-post-thumbnail","hentry","category-brujula-2026","category-gobierno-de-tlaxcala"],"amp_enabled":true,"_links":{"self":[{"href":"https:\/\/labestiapolitica.com.mx\/index.php?rest_route=\/wp\/v2\/posts\/71120","targetHints":{"allow":["GET"]}}],"collection":[{"href":"https:\/\/labestiapolitica.com.mx\/index.php?rest_route=\/wp\/v2\/posts"}],"about":[{"href":"https:\/\/labestiapolitica.com.mx\/index.php?rest_route=\/wp\/v2\/types\/post"}],"author":[{"embeddable":true,"href":"https:\/\/labestiapolitica.com.mx\/index.php?rest_route=\/wp\/v2\/users\/5"}],"replies":[{"embeddable":true,"href":"https:\/\/labestiapolitica.com.mx\/index.php?rest_route=%2Fwp%2Fv2%2Fcomments&post=71120"}],"version-history":[{"count":5,"href":"https:\/\/labestiapolitica.com.mx\/index.php?rest_route=\/wp\/v2\/posts\/71120\/revisions"}],"predecessor-version":[{"id":71127,"href":"https:\/\/labestiapolitica.com.mx\/index.php?rest_route=\/wp\/v2\/posts\/71120\/revisions\/71127"}],"wp:featuredmedia":[{"embeddable":true,"href":"https:\/\/labestiapolitica.com.mx\/index.php?rest_route=\/wp\/v2\/media\/71121"}],"wp:attachment":[{"href":"https:\/\/labestiapolitica.com.mx\/index.php?rest_route=%2Fwp%2Fv2%2Fmedia&parent=71120"}],"wp:term":[{"taxonomy":"category","embeddable":true,"href":"https:\/\/labestiapolitica.com.mx\/index.php?rest_route=%2Fwp%2Fv2%2Fcategories&post=71120"},{"taxonomy":"post_tag","embeddable":true,"href":"https:\/\/labestiapolitica.com.mx\/index.php?rest_route=%2Fwp%2Fv2%2Ftags&post=71120"}],"curies":[{"name":"wp","href":"https:\/\/api.w.org\/{rel}","templated":true}]}}