{"id":71128,"date":"2026-04-26T15:21:02","date_gmt":"2026-04-26T21:21:02","guid":{"rendered":"https:\/\/labestiapolitica.com.mx\/?p=71128"},"modified":"2026-04-26T15:23:20","modified_gmt":"2026-04-26T21:23:20","slug":"escandalo-en-morelos-detienen-a-alcalde-morenista-de-tlalnepantla-por-presunto-abuso-de-un-menor","status":"publish","type":"post","link":"https:\/\/labestiapolitica.com.mx\/?p=71128","title":{"rendered":"\u00a1Esc\u00e1ndalo en Morelos! Detienen a alcalde morenista de Tlalnepantla por presunto abuso de un menor."},"content":{"rendered":"<ul>\n<li style=\"text-align: justify;\">Jorge Armando \u201cN\u201d, alcalde municipal de Tlalnepantla, Morelos, fue detenido la noche del s\u00e1bado en el municipio vecino de Tlayacapan por presuntamente abusar de una menor de edad.<\/li>\n<\/ul>\n<p style=\"text-align: justify;\"><em>Escrito por: Jimena Romero<\/em><\/p>\n<p style=\"text-align: justify;\">La noche de este s\u00e1bado 25 de abril, las autoridades arrestaron a Jorge Armando \u00abN\u00bb, alcalde municipal de Tlalnepantla, Morelos.<\/p>\n<p style=\"text-align: justify;\">La detenci\u00f3n habr\u00eda sido en la carretera Yautepec-Tlayacapan y fue debido a delitos sexuales contra una menor de edad.<\/p>\n<p style=\"text-align: justify;\"><em><strong>Capturan a alcalde de Tlalnepantla, Morelos<\/strong><\/em><\/p>\n<p style=\"text-align: justify;\">La detenci\u00f3n ocurri\u00f3 alrededor del kil\u00f3metro 10 de la carretera que conecta el municipio de Yautepec con Tlayacapan, espec\u00edficamente a la altura del puente Pantitl\u00e1n. Seg\u00fan los primeros informes, polic\u00edas municipales realizaron la intervenci\u00f3n inmediata tras encontrar al funcionario con un menor de edad.<\/p>\n<p style=\"text-align: justify;\">La gravedad del hallazgo provoc\u00f3 que el alcalde fuera trasladado bajo un fuerte operativo a la comandancia conocida como la Torre XXI, evitando cualquier intento de mediaci\u00f3n por su cargo.<\/p>\n<p style=\"text-align: justify;\"><em><strong>Fiscal\u00eda de Morelos confirma la detenci\u00f3n del funcionario morenista<\/strong><\/em><\/p>\n<p style=\"text-align: justify;\">A trav\u00e9s de un comunicado, la Fiscal\u00eda General del Estado de Morelos confirm\u00f3 que Jorge Armando \u201cN\u201d fue entregado a la Fiscal\u00eda de la Regi\u00f3n Oriente, donde en las pr\u00f3ximas horas se determinar\u00e1 su situaci\u00f3n jur\u00eddica.<\/p>\n<p style=\"text-align: justify;\"><em><strong>\u00bfQui\u00e9n es Jorge Armando \u00abN\u00bb, el alcalde de Tlalnepantla arrestado?<\/strong><\/em><\/p>\n<p style=\"text-align: justify;\">Jorge Armando \u201cN\u201d lleg\u00f3 al puesto de alcalde municipal para el periodo 2025-2027 bajo las siglas del Partido Encuentro Social (PES). Sin embargo, en meses recientes hab\u00eda anunciado su cambio a Morena, aline\u00e1ndose con los proyectos de la llamada Cuarta Transformaci\u00f3n en el estado.<\/p>\n<p style=\"text-align: justify;\">Ahora, su carrera pol\u00edtica est\u00e1 en pausa, pues el proceso judicial por un delito contra un menor de edad es una falta muy grave para un servidor p\u00fablico.<\/p>\n<p style=\"text-align: justify;\"><em><strong>\u00bfQui\u00e9n se quedar\u00e1 a cargo de Tlalnepantla mientras el alcalde est\u00e1 detenido?<\/strong><\/em><\/p>\n<p style=\"text-align: justify;\">Debido a que el cargo de presidente municipal no puede quedar vac\u00edo, se espera que el cabildo de Tlalnepantla tenga una sesi\u00f3n el pr\u00f3ximo lunes 27 de abril para determinar qui\u00e9n se quedar\u00e1 en el lugar del edil.<\/p>\n<p style=\"text-align: justify;\"><em><strong>\u00bfQu\u00e9 sigue para el funcionario detenido?<\/strong><\/em><\/p>\n<p style=\"text-align: justify;\">Si el juez determina la prisi\u00f3n preventiva, Jorge Armando \u201cN\u201d enfrentar\u00eda su proceso tras las rejas, lo que activar\u00eda autom\u00e1ticamente su destituci\u00f3n. Por ahora, la Fiscal\u00eda mantiene bajo reserva los detalles espec\u00edficos para proteger la identidad y la integridad del menor involucrado.<\/p>\n<p style=\"text-align: justify;\">Por ahora, la poblaci\u00f3n de Tlalnepantla sigue a la espera de una postura por parte del ayuntamiento gobernante, la cual no ha llegado tras horas de la detenci\u00f3n del edil.<\/p>\n<p><em><strong>Fuente: Azteca Noticias<\/strong><\/em><\/p>\n","protected":false},"excerpt":{"rendered":"<p>Jorge Armando \u201cN\u201d, alcalde municipal de Tlalnepantla, Morelos, fue detenido la noche del s\u00e1bado en el municipio vecino de Tlayacapan por presuntamente abusar de una menor de edad. Escrito por: Jimena Romero La noche de este s\u00e1bado 25 de abril, las autoridades arrestaron a Jorge Armando \u00abN\u00bb, alcalde municipal de Tlalnepantla, Morelos. La detenci\u00f3n habr\u00eda [&hellip;]<\/p>\n","protected":false},"author":5,"featured_media":71129,"comment_status":"open","ping_status":"open","sticky":false,"template":"","format":"standard","meta":{"footnotes":""},"categories":[3,12,10],"tags":[],"class_list":["post-71128","post","type-post","status-publish","format-standard","has-post-thumbnail","hentry","category-8-columnas","category-brujula-2026","category-nacional-e-internacional"],"amp_enabled":true,"_links":{"self":[{"href":"https:\/\/labestiapolitica.com.mx\/index.php?rest_route=\/wp\/v2\/posts\/71128","targetHints":{"allow":["GET"]}}],"collection":[{"href":"https:\/\/labestiapolitica.com.mx\/index.php?rest_route=\/wp\/v2\/posts"}],"about":[{"href":"https:\/\/labestiapolitica.com.mx\/index.php?rest_route=\/wp\/v2\/types\/post"}],"author":[{"embeddable":true,"href":"https:\/\/labestiapolitica.com.mx\/index.php?rest_route=\/wp\/v2\/users\/5"}],"replies":[{"embeddable":true,"href":"https:\/\/labestiapolitica.com.mx\/index.php?rest_route=%2Fwp%2Fv2%2Fcomments&post=71128"}],"version-history":[{"count":2,"href":"https:\/\/labestiapolitica.com.mx\/index.php?rest_route=\/wp\/v2\/posts\/71128\/revisions"}],"predecessor-version":[{"id":71132,"href":"https:\/\/labestiapolitica.com.mx\/index.php?rest_route=\/wp\/v2\/posts\/71128\/revisions\/71132"}],"wp:featuredmedia":[{"embeddable":true,"href":"https:\/\/labestiapolitica.com.mx\/index.php?rest_route=\/wp\/v2\/media\/71129"}],"wp:attachment":[{"href":"https:\/\/labestiapolitica.com.mx\/index.php?rest_route=%2Fwp%2Fv2%2Fmedia&parent=71128"}],"wp:term":[{"taxonomy":"category","embeddable":true,"href":"https:\/\/labestiapolitica.com.mx\/index.php?rest_route=%2Fwp%2Fv2%2Fcategories&post=71128"},{"taxonomy":"post_tag","embeddable":true,"href":"https:\/\/labestiapolitica.com.mx\/index.php?rest_route=%2Fwp%2Fv2%2Ftags&post=71128"}],"curies":[{"name":"wp","href":"https:\/\/api.w.org\/{rel}","templated":true}]}}