{"id":71131,"date":"2026-04-26T15:26:19","date_gmt":"2026-04-26T21:26:19","guid":{"rendered":"https:\/\/labestiapolitica.com.mx\/?p=71131"},"modified":"2026-04-26T15:26:19","modified_gmt":"2026-04-26T21:26:19","slug":"sandra-aguilar-encabeza-juguetour-en-apizaco-por-el-dia-de-la-ninez","status":"publish","type":"post","link":"https:\/\/labestiapolitica.com.mx\/?p=71131","title":{"rendered":"Sandra Aguilar encabeza \u201cJuguetour\u201d en Apizaco por el D\u00eda de la Ni\u00f1ez."},"content":{"rendered":"<p style=\"text-align: justify;\"><em><strong>Demian M\u00e1rquez<\/strong><\/em> | Decenas de ni\u00f1as y ni\u00f1os participaron en el \u201cJuguetour\u201d realizado en Apizaco, actividad organizada por la diputada local del PRI, Sandra Aguilar con motivo del D\u00eda del Ni\u00f1o y la Ni\u00f1a.<\/p>\n<p style=\"text-align: justify;\">La caravana que parti\u00f3 de La Maquinita, recorri\u00f3 las principales calles del municipio con entrega de juguetes y actividades recreativas.<\/p>\n<p style=\"text-align: justify;\">Llegando hasta el parque del centro de la ciudad rielera, donde familias completas se dieron cita para convivir y acompa\u00f1ar el festejo.<\/p>\n<p style=\"text-align: justify;\">Durante el trayecto, personajes animados y m\u00fasica ambientaron la jornada para los menores asistentes.<\/p>\n<p style=\"text-align: justify;\">En el evento tambi\u00e9n estuvieron presentes Enrique Padilla S\u00e1nchez, l\u00edder del tricolor, y la senadora Anabell \u00c1valos Zempoalteca, quienes acompa\u00f1aron a la legisladora en la entrega de obsequios y saludaron a las familias reunidas.<\/p>\n<p style=\"text-align: justify;\">Con esta actividad, los organizadores buscaron llevar un momento de alegr\u00eda a la ni\u00f1ez apizaquense y promover la convivencia familiar en espacios p\u00fablicos, en una fecha dedicada especialmente a reconocer los derechos y bienestar de la infancia.<\/p>\n","protected":false},"excerpt":{"rendered":"<p>Demian M\u00e1rquez | Decenas de ni\u00f1as y ni\u00f1os participaron en el \u201cJuguetour\u201d realizado en Apizaco, actividad organizada por la diputada local del PRI, Sandra Aguilar con motivo del D\u00eda del Ni\u00f1o y la Ni\u00f1a. La caravana que parti\u00f3 de La Maquinita, recorri\u00f3 las principales calles del municipio con entrega de juguetes y actividades recreativas. Llegando [&hellip;]<\/p>\n","protected":false},"author":5,"featured_media":71133,"comment_status":"open","ping_status":"open","sticky":false,"template":"","format":"standard","meta":{"footnotes":""},"categories":[3,7],"tags":[],"class_list":["post-71131","post","type-post","status-publish","format-standard","has-post-thumbnail","hentry","category-8-columnas","category-ciudadanos"],"amp_enabled":true,"_links":{"self":[{"href":"https:\/\/labestiapolitica.com.mx\/index.php?rest_route=\/wp\/v2\/posts\/71131","targetHints":{"allow":["GET"]}}],"collection":[{"href":"https:\/\/labestiapolitica.com.mx\/index.php?rest_route=\/wp\/v2\/posts"}],"about":[{"href":"https:\/\/labestiapolitica.com.mx\/index.php?rest_route=\/wp\/v2\/types\/post"}],"author":[{"embeddable":true,"href":"https:\/\/labestiapolitica.com.mx\/index.php?rest_route=\/wp\/v2\/users\/5"}],"replies":[{"embeddable":true,"href":"https:\/\/labestiapolitica.com.mx\/index.php?rest_route=%2Fwp%2Fv2%2Fcomments&post=71131"}],"version-history":[{"count":1,"href":"https:\/\/labestiapolitica.com.mx\/index.php?rest_route=\/wp\/v2\/posts\/71131\/revisions"}],"predecessor-version":[{"id":71134,"href":"https:\/\/labestiapolitica.com.mx\/index.php?rest_route=\/wp\/v2\/posts\/71131\/revisions\/71134"}],"wp:featuredmedia":[{"embeddable":true,"href":"https:\/\/labestiapolitica.com.mx\/index.php?rest_route=\/wp\/v2\/media\/71133"}],"wp:attachment":[{"href":"https:\/\/labestiapolitica.com.mx\/index.php?rest_route=%2Fwp%2Fv2%2Fmedia&parent=71131"}],"wp:term":[{"taxonomy":"category","embeddable":true,"href":"https:\/\/labestiapolitica.com.mx\/index.php?rest_route=%2Fwp%2Fv2%2Fcategories&post=71131"},{"taxonomy":"post_tag","embeddable":true,"href":"https:\/\/labestiapolitica.com.mx\/index.php?rest_route=%2Fwp%2Fv2%2Ftags&post=71131"}],"curies":[{"name":"wp","href":"https:\/\/api.w.org\/{rel}","templated":true}]}}