{"id":71135,"date":"2026-04-26T15:28:38","date_gmt":"2026-04-26T21:28:38","guid":{"rendered":"https:\/\/labestiapolitica.com.mx\/?p=71135"},"modified":"2026-04-26T15:28:38","modified_gmt":"2026-04-26T21:28:38","slug":"celebra-zacatelco-a-la-ninez-con-jornada-recreativa","status":"publish","type":"post","link":"https:\/\/labestiapolitica.com.mx\/?p=71135","title":{"rendered":"Celebra Zacatelco a la ni\u00f1ez con jornada recreativa."},"content":{"rendered":"<p style=\"text-align: justify;\">Demian M\u00e1rquez |\u00a0 El gobierno municipal de Zacatelco realiz\u00f3 una celebraci\u00f3n anticipada por el D\u00eda del Ni\u00f1o y la Ni\u00f1a con actividades recreativas, juegos y sorpresas para cientos de familias reunidas en el parque principal, el evento fue encabezado por el alcalde Jos\u00e9 Miguel Acatzi Luna.<\/p>\n<p style=\"text-align: justify;\">Durante su mensaje, el edil destac\u00f3 que la infancia representa esperanza, alegr\u00eda y el futuro del municipio, por lo que llam\u00f3 a madres y padres de familia a fortalecer la comunicaci\u00f3n con sus hijos, escucharlos y brindarles entornos seguros donde puedan desarrollarse plenamente.<\/p>\n<p style=\"text-align: justify;\">La jornada incluy\u00f3 inflables, \u00e1reas acu\u00e1ticas, granja interactiva y espacios de convivencia familiar, adem\u00e1s de personal de seguridad y servicios de emergencia para resguardar a los asistentes.<\/p>\n<p style=\"text-align: justify;\">Autoridades municipales tambi\u00e9n prepararon obsequios para los menores presentes.<\/p>\n<p style=\"text-align: justify;\">Acatzi Luna se\u00f1al\u00f3 que su administraci\u00f3n mantiene el compromiso de trabajar por una ciudad m\u00e1s segura y con mejores condiciones para la ni\u00f1ez, al asegurar que el bienestar de las nuevas generaciones debe ser una prioridad permanente para Zacatelco.<\/p>\n","protected":false},"excerpt":{"rendered":"<p>Demian M\u00e1rquez |\u00a0 El gobierno municipal de Zacatelco realiz\u00f3 una celebraci\u00f3n anticipada por el D\u00eda del Ni\u00f1o y la Ni\u00f1a con actividades recreativas, juegos y sorpresas para cientos de familias reunidas en el parque principal, el evento fue encabezado por el alcalde Jos\u00e9 Miguel Acatzi Luna. Durante su mensaje, el edil destac\u00f3 que la infancia [&hellip;]<\/p>\n","protected":false},"author":5,"featured_media":71136,"comment_status":"open","ping_status":"open","sticky":false,"template":"","format":"standard","meta":{"footnotes":""},"categories":[3,216,217],"tags":[],"class_list":["post-71135","post","type-post","status-publish","format-standard","has-post-thumbnail","hentry","category-8-columnas","category-municipios","category-zacatelco"],"amp_enabled":true,"_links":{"self":[{"href":"https:\/\/labestiapolitica.com.mx\/index.php?rest_route=\/wp\/v2\/posts\/71135","targetHints":{"allow":["GET"]}}],"collection":[{"href":"https:\/\/labestiapolitica.com.mx\/index.php?rest_route=\/wp\/v2\/posts"}],"about":[{"href":"https:\/\/labestiapolitica.com.mx\/index.php?rest_route=\/wp\/v2\/types\/post"}],"author":[{"embeddable":true,"href":"https:\/\/labestiapolitica.com.mx\/index.php?rest_route=\/wp\/v2\/users\/5"}],"replies":[{"embeddable":true,"href":"https:\/\/labestiapolitica.com.mx\/index.php?rest_route=%2Fwp%2Fv2%2Fcomments&post=71135"}],"version-history":[{"count":1,"href":"https:\/\/labestiapolitica.com.mx\/index.php?rest_route=\/wp\/v2\/posts\/71135\/revisions"}],"predecessor-version":[{"id":71137,"href":"https:\/\/labestiapolitica.com.mx\/index.php?rest_route=\/wp\/v2\/posts\/71135\/revisions\/71137"}],"wp:featuredmedia":[{"embeddable":true,"href":"https:\/\/labestiapolitica.com.mx\/index.php?rest_route=\/wp\/v2\/media\/71136"}],"wp:attachment":[{"href":"https:\/\/labestiapolitica.com.mx\/index.php?rest_route=%2Fwp%2Fv2%2Fmedia&parent=71135"}],"wp:term":[{"taxonomy":"category","embeddable":true,"href":"https:\/\/labestiapolitica.com.mx\/index.php?rest_route=%2Fwp%2Fv2%2Fcategories&post=71135"},{"taxonomy":"post_tag","embeddable":true,"href":"https:\/\/labestiapolitica.com.mx\/index.php?rest_route=%2Fwp%2Fv2%2Ftags&post=71135"}],"curies":[{"name":"wp","href":"https:\/\/api.w.org\/{rel}","templated":true}]}}