{"id":71138,"date":"2026-04-26T15:33:43","date_gmt":"2026-04-26T21:33:43","guid":{"rendered":"https:\/\/labestiapolitica.com.mx\/?p=71138"},"modified":"2026-04-26T15:33:43","modified_gmt":"2026-04-26T21:33:43","slug":"llama-ana-lilia-rivera-a-profundizar-el-cambio-ante-tiempos-complejos","status":"publish","type":"post","link":"https:\/\/labestiapolitica.com.mx\/?p=71138","title":{"rendered":"Llama Ana Lilia Rivera a profundizar el cambio ante tiempos complejos."},"content":{"rendered":"<ul>\n<li style=\"text-align: justify;\">En encuentro informativo, la senadora destac\u00f3 que M\u00e9xico enfrenta grandes contrastes y desaf\u00edos, por lo que convoc\u00f3 a la ciudadan\u00eda a creer en su capacidad para transformar Tlaxcala y el pa\u00eds.<\/li>\n<\/ul>\n<p style=\"text-align: justify;\">En un encuentro informativo con ciudadanas y ciudadanos de diversos municipios de estado, la senadora Ana Lilia Rivera Rivera reconoci\u00f3 que el momento hist\u00f3rico que vive M\u00e9xico es particularmente complejo, marcado por m\u00faltiples factores internos y externos que inciden en la vida p\u00fablica del pa\u00eds, por lo cual es momento de cerrar filas en torno a la transformaci\u00f3n que hoy encabeza la presidenta Claudia Sheinbaum Pardo.<\/p>\n<p style=\"text-align: justify;\">La legisladora tlaxcalteca se\u00f1al\u00f3 que existen intereses ajenos a las y los mexicanos que buscan influir en el rumbo nacional y que, en ocasiones, atentan contra el bienestar de la mayor\u00eda. Como ejemplo, hizo referencia a figuras internacionales como Donald Trump, cuyas posturas han tenido repercusiones en la relaci\u00f3n bilateral y en la percepci\u00f3n global de M\u00e9xico.<\/p>\n<p style=\"text-align: justify;\">Ana Lilia Rivera subray\u00f3 los profundos contrastes que enfrenta la naci\u00f3n: por un lado, M\u00e9xico se encuentra entre las 15 principales econom\u00edas del mundo; por otro, m\u00e1s de 60 millones de personas viven en condiciones de pobreza. Asimismo, destac\u00f3 que, pese al reconocimiento internacional del pa\u00eds en diversos \u00e1mbitos, tambi\u00e9n persisten altos niveles de violencia que lo colocan entre los m\u00e1s afectados a nivel global.<\/p>\n<p style=\"text-align: justify;\">Ante este panorama, Rivera Rivera sostuvo que es indispensable profundizar el proceso de transformaci\u00f3n nacional, romper con inercias del pasado y consolidar un nuevo rumbo basado en la justicia social y el bienestar colectivo.<\/p>\n<p style=\"text-align: justify;\">En ese sentido, hizo un llamado a las y los tlaxcaltecas a no resignarse frente a las condiciones adversas, sino a trabajar para luchar contra la pobreza y la corrupci\u00f3n de gobiernos del pasado. \u201cEl cambio no solo depende de las instituciones, sino de que el propio pueblo crea en su capacidad de transformar su realidad\u201d, expres\u00f3.<\/p>\n<p style=\"text-align: justify;\">Destac\u00f3 que el prop\u00f3sito del encuentro ciudadano fue generar un espacio de reflexi\u00f3n colectiva para defender y respaldar el proyecto de naci\u00f3n que encabeza la presidenta Claudia Sheinbaum Pardo, reiterando que la participaci\u00f3n informada y activa de la ciudadan\u00eda ser\u00e1 clave para consolidar los avances y enfrentar los desaf\u00edos actuales.<\/p>\n","protected":false},"excerpt":{"rendered":"<p>En encuentro informativo, la senadora destac\u00f3 que M\u00e9xico enfrenta grandes contrastes y desaf\u00edos, por lo que convoc\u00f3 a la ciudadan\u00eda a creer en su capacidad para transformar Tlaxcala y el pa\u00eds. En un encuentro informativo con ciudadanas y ciudadanos de diversos municipios de estado, la senadora Ana Lilia Rivera Rivera reconoci\u00f3 que el momento hist\u00f3rico [&hellip;]<\/p>\n","protected":false},"author":5,"featured_media":71139,"comment_status":"open","ping_status":"open","sticky":false,"template":"","format":"standard","meta":{"footnotes":""},"categories":[247,230],"tags":[],"class_list":["post-71138","post","type-post","status-publish","format-standard","has-post-thumbnail","hentry","category-politica","category-senado-de-mexico"],"amp_enabled":true,"_links":{"self":[{"href":"https:\/\/labestiapolitica.com.mx\/index.php?rest_route=\/wp\/v2\/posts\/71138","targetHints":{"allow":["GET"]}}],"collection":[{"href":"https:\/\/labestiapolitica.com.mx\/index.php?rest_route=\/wp\/v2\/posts"}],"about":[{"href":"https:\/\/labestiapolitica.com.mx\/index.php?rest_route=\/wp\/v2\/types\/post"}],"author":[{"embeddable":true,"href":"https:\/\/labestiapolitica.com.mx\/index.php?rest_route=\/wp\/v2\/users\/5"}],"replies":[{"embeddable":true,"href":"https:\/\/labestiapolitica.com.mx\/index.php?rest_route=%2Fwp%2Fv2%2Fcomments&post=71138"}],"version-history":[{"count":1,"href":"https:\/\/labestiapolitica.com.mx\/index.php?rest_route=\/wp\/v2\/posts\/71138\/revisions"}],"predecessor-version":[{"id":71140,"href":"https:\/\/labestiapolitica.com.mx\/index.php?rest_route=\/wp\/v2\/posts\/71138\/revisions\/71140"}],"wp:featuredmedia":[{"embeddable":true,"href":"https:\/\/labestiapolitica.com.mx\/index.php?rest_route=\/wp\/v2\/media\/71139"}],"wp:attachment":[{"href":"https:\/\/labestiapolitica.com.mx\/index.php?rest_route=%2Fwp%2Fv2%2Fmedia&parent=71138"}],"wp:term":[{"taxonomy":"category","embeddable":true,"href":"https:\/\/labestiapolitica.com.mx\/index.php?rest_route=%2Fwp%2Fv2%2Fcategories&post=71138"},{"taxonomy":"post_tag","embeddable":true,"href":"https:\/\/labestiapolitica.com.mx\/index.php?rest_route=%2Fwp%2Fv2%2Ftags&post=71138"}],"curies":[{"name":"wp","href":"https:\/\/api.w.org\/{rel}","templated":true}]}}