{"id":71141,"date":"2026-04-26T15:36:43","date_gmt":"2026-04-26T21:36:43","guid":{"rendered":"https:\/\/labestiapolitica.com.mx\/?p=71141"},"modified":"2026-04-26T15:36:43","modified_gmt":"2026-04-26T21:36:43","slug":"gobierno-de-alfonso-sanchez-garcia-mejora-vialidades-en-la-loma-xicohtencatl","status":"publish","type":"post","link":"https:\/\/labestiapolitica.com.mx\/?p=71141","title":{"rendered":"Gobierno de Alfonso S\u00e1nchez Garc\u00eda mejora vialidades en La Loma Xicoht\u00e9ncatl."},"content":{"rendered":"<ul>\n<li style=\"text-align: justify;\">A trav\u00e9s acciones de rastreo se atienden la Calle 9 y Nuevos Horizontes<\/li>\n<\/ul>\n<p style=\"text-align: justify;\">Para atender de manera directa las necesidades prioritarias de la ciudadan\u00eda, el Gobierno Municipal de Tlaxcala, que preside Alfonso S\u00e1nchez Garc\u00eda, a trav\u00e9s de la Direcci\u00f3n de Obras P\u00fablicas y Desarrollo Urbano, realiza trabajos de rastreo y mejoramiento de vialidades en la calle 9 y calle Nuevos Horizontes, en la colonia La Loma Xicoht\u00e9ncatl, acciones que se desarrollan de manera simult\u00e1nea para brindar resultados oportunos a las familias de la zona.<\/p>\n<p style=\"text-align: justify;\">Estas labores tienen como objetivo mejorar las condiciones de tr\u00e1nsito vehicular y peatonal, facilitar la movilidad diaria de vecinas y vecinos, as\u00ed como reducir afectaciones derivadas del desgaste natural de las calles.<\/p>\n<p style=\"text-align: justify;\">La administraci\u00f3n que encabeza Alfonso S\u00e1nchez Garc\u00eda mantiene una visi\u00f3n de gobierno cercano a la gente, que escucha y que resuelve las solicitudes ciudadanas, por lo que se da atenci\u00f3n puntual a reportes y necesidades planteadas por habitantes de colonias y comunidades, al priorizar obras y acciones que impacten positivamente en la calidad de vida de la poblaci\u00f3n.<\/p>\n","protected":false},"excerpt":{"rendered":"<p>A trav\u00e9s acciones de rastreo se atienden la Calle 9 y Nuevos Horizontes Para atender de manera directa las necesidades prioritarias de la ciudadan\u00eda, el Gobierno Municipal de Tlaxcala, que preside Alfonso S\u00e1nchez Garc\u00eda, a trav\u00e9s de la Direcci\u00f3n de Obras P\u00fablicas y Desarrollo Urbano, realiza trabajos de rastreo y mejoramiento de vialidades en la [&hellip;]<\/p>\n","protected":false},"author":5,"featured_media":71142,"comment_status":"open","ping_status":"open","sticky":false,"template":"","format":"standard","meta":{"footnotes":""},"categories":[216,214],"tags":[],"class_list":["post-71141","post","type-post","status-publish","format-standard","has-post-thumbnail","hentry","category-municipios","category-tlaxcala-capital"],"amp_enabled":true,"_links":{"self":[{"href":"https:\/\/labestiapolitica.com.mx\/index.php?rest_route=\/wp\/v2\/posts\/71141","targetHints":{"allow":["GET"]}}],"collection":[{"href":"https:\/\/labestiapolitica.com.mx\/index.php?rest_route=\/wp\/v2\/posts"}],"about":[{"href":"https:\/\/labestiapolitica.com.mx\/index.php?rest_route=\/wp\/v2\/types\/post"}],"author":[{"embeddable":true,"href":"https:\/\/labestiapolitica.com.mx\/index.php?rest_route=\/wp\/v2\/users\/5"}],"replies":[{"embeddable":true,"href":"https:\/\/labestiapolitica.com.mx\/index.php?rest_route=%2Fwp%2Fv2%2Fcomments&post=71141"}],"version-history":[{"count":1,"href":"https:\/\/labestiapolitica.com.mx\/index.php?rest_route=\/wp\/v2\/posts\/71141\/revisions"}],"predecessor-version":[{"id":71143,"href":"https:\/\/labestiapolitica.com.mx\/index.php?rest_route=\/wp\/v2\/posts\/71141\/revisions\/71143"}],"wp:featuredmedia":[{"embeddable":true,"href":"https:\/\/labestiapolitica.com.mx\/index.php?rest_route=\/wp\/v2\/media\/71142"}],"wp:attachment":[{"href":"https:\/\/labestiapolitica.com.mx\/index.php?rest_route=%2Fwp%2Fv2%2Fmedia&parent=71141"}],"wp:term":[{"taxonomy":"category","embeddable":true,"href":"https:\/\/labestiapolitica.com.mx\/index.php?rest_route=%2Fwp%2Fv2%2Fcategories&post=71141"},{"taxonomy":"post_tag","embeddable":true,"href":"https:\/\/labestiapolitica.com.mx\/index.php?rest_route=%2Fwp%2Fv2%2Ftags&post=71141"}],"curies":[{"name":"wp","href":"https:\/\/api.w.org\/{rel}","templated":true}]}}