{"id":71147,"date":"2026-04-26T17:50:07","date_gmt":"2026-04-26T23:50:07","guid":{"rendered":"https:\/\/labestiapolitica.com.mx\/?p=71147"},"modified":"2026-04-26T17:50:07","modified_gmt":"2026-04-26T23:50:07","slug":"ayuntamiento-de-tlaxcala-acerca-libros-a-la-ciudadania-con-carril-de-la-cultura","status":"publish","type":"post","link":"https:\/\/labestiapolitica.com.mx\/?p=71147","title":{"rendered":"Ayuntamiento de Tlaxcala acerca libros a la ciudadan\u00eda con \u201cCarril de la Cultura\u201d."},"content":{"rendered":"<p style=\"text-align: justify;\">Como una forma de fomentar el h\u00e1bito de la lectura entre la ciudadan\u00eda mediante acciones innovadoras, el Ayuntamiento de Tlaxcala, que preside Alfonso S\u00e1nchez Garc\u00eda, a trav\u00e9s de la Direcci\u00f3n de Cultura, llev\u00f3 a cabo este domingo la actividad denominada \u201cCarril de la Cultura. Alto, det\u00e9ngase a leer\u201d, iniciativa que busca acercar los libros a la poblaci\u00f3n de una manera din\u00e1mica.<\/p>\n<p style=\"text-align: justify;\">Esta estrategia se desarroll\u00f3 en coordinaci\u00f3n con instancias estatales, el municipio de Tlaxcala y diversas instituciones que se sumaron con la donaci\u00f3n de ejemplares, entre ellas el Instituto Nacional de Antropolog\u00eda e Historia (INAH), el Centro de Promoci\u00f3n a la Lectura, as\u00ed como las direcciones municipales de Cultura y Seguridad P\u00fablica, Protecci\u00f3n Ciudadana y Movilidad.<\/p>\n<p style=\"text-align: justify;\">La jornada inici\u00f3 a las nueve de la ma\u00f1ana y concluy\u00f3 alrededor del mediod\u00eda y como parte de la actividad, elementos de la polic\u00eda municipal instalaron un operativo simb\u00f3lico similar a un filtro preventivo, en el que se solicit\u00f3 a las y los automovilistas su \u201clicencia de lectura\u201d.<\/p>\n<p style=\"text-align: justify;\">En medio de la sorpresa y buena respuesta de los conductores, se les entregaron libros de manera gratuita y se les invit\u00f3 a dedicar tiempo a la lectura como herramienta de crecimiento personal y social.<\/p>\n<p style=\"text-align: justify;\">Con este tipo de acciones, el Gobierno Municipal de Alfonso S\u00e1nchez fortalece la promoci\u00f3n cultural, el fortalecimiento del tejido social y la generaci\u00f3n de espacios creativos que incentiven el conocimiento.<\/p>\n","protected":false},"excerpt":{"rendered":"<p>Como una forma de fomentar el h\u00e1bito de la lectura entre la ciudadan\u00eda mediante acciones innovadoras, el Ayuntamiento de Tlaxcala, que preside Alfonso S\u00e1nchez Garc\u00eda, a trav\u00e9s de la Direcci\u00f3n de Cultura, llev\u00f3 a cabo este domingo la actividad denominada \u201cCarril de la Cultura. Alto, det\u00e9ngase a leer\u201d, iniciativa que busca acercar los libros a [&hellip;]<\/p>\n","protected":false},"author":5,"featured_media":71148,"comment_status":"open","ping_status":"open","sticky":false,"template":"","format":"standard","meta":{"footnotes":""},"categories":[216,214],"tags":[],"class_list":["post-71147","post","type-post","status-publish","format-standard","has-post-thumbnail","hentry","category-municipios","category-tlaxcala-capital"],"amp_enabled":true,"_links":{"self":[{"href":"https:\/\/labestiapolitica.com.mx\/index.php?rest_route=\/wp\/v2\/posts\/71147","targetHints":{"allow":["GET"]}}],"collection":[{"href":"https:\/\/labestiapolitica.com.mx\/index.php?rest_route=\/wp\/v2\/posts"}],"about":[{"href":"https:\/\/labestiapolitica.com.mx\/index.php?rest_route=\/wp\/v2\/types\/post"}],"author":[{"embeddable":true,"href":"https:\/\/labestiapolitica.com.mx\/index.php?rest_route=\/wp\/v2\/users\/5"}],"replies":[{"embeddable":true,"href":"https:\/\/labestiapolitica.com.mx\/index.php?rest_route=%2Fwp%2Fv2%2Fcomments&post=71147"}],"version-history":[{"count":1,"href":"https:\/\/labestiapolitica.com.mx\/index.php?rest_route=\/wp\/v2\/posts\/71147\/revisions"}],"predecessor-version":[{"id":71149,"href":"https:\/\/labestiapolitica.com.mx\/index.php?rest_route=\/wp\/v2\/posts\/71147\/revisions\/71149"}],"wp:featuredmedia":[{"embeddable":true,"href":"https:\/\/labestiapolitica.com.mx\/index.php?rest_route=\/wp\/v2\/media\/71148"}],"wp:attachment":[{"href":"https:\/\/labestiapolitica.com.mx\/index.php?rest_route=%2Fwp%2Fv2%2Fmedia&parent=71147"}],"wp:term":[{"taxonomy":"category","embeddable":true,"href":"https:\/\/labestiapolitica.com.mx\/index.php?rest_route=%2Fwp%2Fv2%2Fcategories&post=71147"},{"taxonomy":"post_tag","embeddable":true,"href":"https:\/\/labestiapolitica.com.mx\/index.php?rest_route=%2Fwp%2Fv2%2Ftags&post=71147"}],"curies":[{"name":"wp","href":"https:\/\/api.w.org\/{rel}","templated":true}]}}