{"id":71156,"date":"2026-04-26T20:30:53","date_gmt":"2026-04-27T02:30:53","guid":{"rendered":"https:\/\/labestiapolitica.com.mx\/?p=71156"},"modified":"2026-04-26T20:30:53","modified_gmt":"2026-04-27T02:30:53","slug":"visibiliza-gobierno-de-alfonso-sanchez-garcia-la-violencia-vicaria-y-genera-espacios-de-orientacion","status":"publish","type":"post","link":"https:\/\/labestiapolitica.com.mx\/?p=71156","title":{"rendered":"Visibiliza gobierno de Alfonso S\u00e1nchez Garc\u00eda la violencia vicaria y genera espacios de orientaci\u00f3n."},"content":{"rendered":"<div data-xid=\"Gd7Hsc\" data-sfc-cp=\"\" data-sfc-root=\"c\" data-wiz-uids=\"lFkVK_l\" data-sfc-cb=\"\" data-complete=\"true\" data-processed=\"true\">\n<div class=\"DBd2Wb\" data-complete=\"true\" data-processed=\"true\"><\/div>\n<\/div>\n<p style=\"text-align: justify;\">El Gobierno Municipal de Tlaxcala, que encabeza Alfonso S\u00e1nchez Garc\u00eda, a trav\u00e9s del Instituto Municipal de la Mujer (IMM), llev\u00f3 a cabo un conversatorio sobre violencia vicaria, como parte de las actividades conmemorativas del \u201cD\u00eda Naranja\u201d, con el objetivo de visibilizar y prevenir esta forma de violencia de g\u00e9nero.<\/p>\n<p style=\"text-align: justify;\">El encuentro fue dirigido por Geovanny P\u00e9rez L\u00f3pez y Ma. Isabel V\u00e1squez Hern\u00e1ndez, integrantes del Colectivo Frente Nacional Mujeres e impulsoras de la \u201cLey Vicaria\u201d, quienes explicaron que la violencia vicaria es una forma de agresi\u00f3n en la que el agresor utiliza a los hijos u otros seres queridos para causar da\u00f1o emocional y psicol\u00f3gico a la mujer.<\/p>\n<p style=\"text-align: justify;\">Asimismo, detallaron sus caracter\u00edsticas, el proceso para denunciarla y la importancia de hacerlo.<\/p>\n<p style=\"text-align: justify;\">Durante el conversatorio, dos integrantes del colectivo compartieron sus testimonios sobre c\u00f3mo enfrentaron esta violencia y lograron recuperar a sus hijos. De igual manera, tres asistentes decidieron alzar la voz y compartir sus experiencias, destacando la importancia de la sororidad y el apoyo entre mujeres.<\/p>\n<p style=\"text-align: justify;\">Frases como \u201cLos hijos de una son los hijos de todas\u201d reflejaron el sentido de solidaridad, protecci\u00f3n colectiva y crianza comunitaria ante la adversidad.<\/p>\n<p style=\"text-align: justify;\">Por su parte, la directora del IMM, Lizbeth Briones S\u00e1nchez, subray\u00f3 que, por instrucci\u00f3n del alcalde Alfonso S\u00e1nchez Garc\u00eda, este gobierno tiene el compromiso de acompa\u00f1arlas, protegerlas y generar condiciones reales para que vivan libres de violencia.<\/p>\n<p style=\"text-align: justify;\">En tanto, la s\u00edndica municipal, Ivonne Hern\u00e1ndez Blancas, resalt\u00f3 la relevancia de impulsar estos espacios dentro del Ayuntamiento de Tlaxcala, al considerarlos fundamentales para informar, concientizar y fortalecer la atenci\u00f3n a las mujeres.<\/p>\n","protected":false},"excerpt":{"rendered":"<p>El Gobierno Municipal de Tlaxcala, que encabeza Alfonso S\u00e1nchez Garc\u00eda, a trav\u00e9s del Instituto Municipal de la Mujer (IMM), llev\u00f3 a cabo un conversatorio sobre violencia vicaria, como parte de las actividades conmemorativas del \u201cD\u00eda Naranja\u201d, con el objetivo de visibilizar y prevenir esta forma de violencia de g\u00e9nero. El encuentro fue dirigido por Geovanny [&hellip;]<\/p>\n","protected":false},"author":5,"featured_media":71157,"comment_status":"open","ping_status":"open","sticky":false,"template":"","format":"standard","meta":{"footnotes":""},"categories":[216,214],"tags":[],"class_list":["post-71156","post","type-post","status-publish","format-standard","has-post-thumbnail","hentry","category-municipios","category-tlaxcala-capital"],"amp_enabled":true,"_links":{"self":[{"href":"https:\/\/labestiapolitica.com.mx\/index.php?rest_route=\/wp\/v2\/posts\/71156","targetHints":{"allow":["GET"]}}],"collection":[{"href":"https:\/\/labestiapolitica.com.mx\/index.php?rest_route=\/wp\/v2\/posts"}],"about":[{"href":"https:\/\/labestiapolitica.com.mx\/index.php?rest_route=\/wp\/v2\/types\/post"}],"author":[{"embeddable":true,"href":"https:\/\/labestiapolitica.com.mx\/index.php?rest_route=\/wp\/v2\/users\/5"}],"replies":[{"embeddable":true,"href":"https:\/\/labestiapolitica.com.mx\/index.php?rest_route=%2Fwp%2Fv2%2Fcomments&post=71156"}],"version-history":[{"count":1,"href":"https:\/\/labestiapolitica.com.mx\/index.php?rest_route=\/wp\/v2\/posts\/71156\/revisions"}],"predecessor-version":[{"id":71158,"href":"https:\/\/labestiapolitica.com.mx\/index.php?rest_route=\/wp\/v2\/posts\/71156\/revisions\/71158"}],"wp:featuredmedia":[{"embeddable":true,"href":"https:\/\/labestiapolitica.com.mx\/index.php?rest_route=\/wp\/v2\/media\/71157"}],"wp:attachment":[{"href":"https:\/\/labestiapolitica.com.mx\/index.php?rest_route=%2Fwp%2Fv2%2Fmedia&parent=71156"}],"wp:term":[{"taxonomy":"category","embeddable":true,"href":"https:\/\/labestiapolitica.com.mx\/index.php?rest_route=%2Fwp%2Fv2%2Fcategories&post=71156"},{"taxonomy":"post_tag","embeddable":true,"href":"https:\/\/labestiapolitica.com.mx\/index.php?rest_route=%2Fwp%2Fv2%2Ftags&post=71156"}],"curies":[{"name":"wp","href":"https:\/\/api.w.org\/{rel}","templated":true}]}}