{"id":71159,"date":"2026-04-26T20:37:55","date_gmt":"2026-04-27T02:37:55","guid":{"rendered":"https:\/\/labestiapolitica.com.mx\/?p=71159"},"modified":"2026-04-26T20:37:55","modified_gmt":"2026-04-27T02:37:55","slug":"la-cotidianidad-de-las-mujeres-las-ninas","status":"publish","type":"post","link":"https:\/\/labestiapolitica.com.mx\/?p=71159","title":{"rendered":"La cotidianidad de las mujeres | Las ni\u00f1as."},"content":{"rendered":"<p style=\"text-align: justify;\"><em><strong>Por Elsa Cordero Mart\u00ednez | <\/strong><\/em>En nuestro pa\u00eds todos aquellos espacios, decisiones, acciones, que trastoquen los derechos de las infancias ameritan tener como punto de partida su inter\u00e9s superior, esto significa que es prioritario su bienestar, protecci\u00f3n y desarrollo y por ningun motivo\u00a0 correr riesgo alguno respecto su seguridad y\u00a0 estabilidad.\u00a0 Se visibilizan ya como titulares de derechos, no se sujetan \u00fanicamente a la visi\u00f3n de las personas adultas, se atiende el impacto de todo aquello que pueda afectarles en todas las esferas de su vida. Es decir, las ni\u00f1as, los ni\u00f1os y adolescentes tienen una protecci\u00f3n especial e integral.<\/p>\n<p style=\"text-align: justify;\">Las ni\u00f1as mexicanas\u00a0 cuentan con un marco jur\u00eddico reforzado para atender la violencia por razones de g\u00e9nero, leyes que obligan la incorporaci\u00f3n de las perspectivas de g\u00e9nero y de las infancias, acciones afirmativas para protegerlas y empoderarlas, programas y pol\u00edticas para asegurarles un futuro en el que su condici\u00f3n de mujeres no sea un obst\u00e1culo, ni una justificaci\u00f3n para enfrentar violencias estructurales normalizadas.<\/p>\n<p style=\"text-align: justify;\">La ni\u00f1ez es una etapa que deber\u00eda ser de felicidad, cuidado y formaci\u00f3n.\u00a0 Especialistas de diversas \u00e1reas de la salud\u00a0 explican como lo que se vive en la infancia nos define e impacta el resto de la vida, por eso hoy en sociedades evolucionadas,\u00a0 con m\u00e1s conocimientos,\u00a0 asegurar que nuestras ni\u00f1as y ni\u00f1os vivan vidas seguras y plenas deber\u00eda ser nuestra prioridad.<\/p>\n<p style=\"text-align: justify;\">Las madres, padres y personas que tienen a su cuidado infancias, tienen en sus manos la posibilidad de generar contextos de amor\u00a0 y bienestar y no de malestares que auguren\u00a0 un futuro de fustraci\u00f3n y sufrimiento.<\/p>\n<p style=\"text-align: justify;\">En M\u00e9xico hay m\u00e1s de 38 millones de ni\u00f1as, ni\u00f1os y adolescentes, el 63% sufre agresiones f\u00edsicas y psicol\u00f3gicas como parte de su \u201cformaci\u00f3n\u201d, una tradici\u00f3n que se reproduce por desfortuna\u00a0 al normalizarse la violencia para \u201ceducar,\u201d\u00a0 lo que incluso cuando se presenta en los primeros a\u00f1os de vida, al estar el cerebro en crecimiento,\u00a0 ante la violencia y el abuso, se inhibe la capacidad emp\u00e1tica, que causa una trasformaci\u00f3n.<\/p>\n<p style=\"text-align: justify;\">Mucho tenemos que aprender madres, padres, abuelas, abuelos, personas cuidadoras sobre la forma como corregir y educar a las ni\u00f1as y ni\u00f1os, por que lo que por generaciones vivimos normalizando golpes y gritos, con el af\u00e1n de educar y corregir no es otra cosa que violencia f\u00edsica y psicol\u00f3gica normalizada.<\/p>\n<p style=\"text-align: justify;\">Las autoridades que propician festejos infantiles para el 30 de abril, deben replantearse de forma seria la posibilidad de que en sus \u00e1mbitos de respectivas competencias, adem\u00e1s de festejarles, refuercen\u00a0 sus obligaciones con una verdadera perspectiva de infancia. Ni\u00f1as y ni\u00f1os\u00a0 agradecer\u00e1n m\u00e1s pol\u00edticas p\u00fablicas, leyes, espacios de atenci\u00f3n, medicamentos, programas , etc. que les protejan y beneficien siempre,\u00a0 que solo un par de pelotas,\u00a0 dulces y discursos un d\u00eda al a\u00f1o.<\/p>\n<p style=\"text-align: justify;\">A nuestro pa\u00eds se le reconoce en materia de igualdad de g\u00e9nero y derechos de las mujeres y las ni\u00f1as, por que se han\u00a0 registrado avances importantes en\u00a0 el fortalecimiento de su marco jur\u00eddico, la consolidaci\u00f3n de la institucionalidad de g\u00e9nero, el incremento de recursos etiquetados para la igualdad sustantiva y por\u00a0 acciones afirmativas e incorporado la perspectiva de g\u00e9nero en pol\u00edticas p\u00fablicas y presupuestos.\u00a0 Pero se ha advertido\u00a0 que\u00a0 la aplicaci\u00f3n sistem\u00e1tica de estas medidas contin\u00faa siendo un desaf\u00edo para lograr un impacto sostenido. Esto por que\u00a0 pese a los avances\u00a0 siguen presentes\u00a0 brechas hist\u00f3ricas y nudos estructurales de la desigualdad que requieren ser abordados para alcanzar la igualdad sustantiva y garantizar la autonom\u00eda plena de las mujeres y las ni\u00f1as. Se reconoce como obst\u00e1culo\u00a0 la persistencia de la divisi\u00f3n sexual del trabajo, que asigna de manera desigual las responsabilidades productivas y reproductivas entre mujeres y hombres.<\/p>\n<p style=\"text-align: justify;\">Los retos que tiene nuestro pa\u00eds y\u00a0 que ameritan tener una visi\u00f3n prioritaria hacia las ni\u00f1as son entre otros:\u00a0 la feminizaci\u00f3n de la vejez, la diversificaci\u00f3n social, cultural y ling\u00fc\u00edstica, pobreza y desigualdad y la intersecci\u00f3n entre envejecimiento, g\u00e9nero y discapacidad, as\u00ed como la violecia de g\u00e9nero. Que por desfortuna impacta m\u00e1s entre quien es m\u00e1s vulnerable.<\/p>\n<p style=\"text-align: justify;\">Queremos cotidiano.\u00a0 Ni\u00f1as mexicanas que vivan su infancia y adolescencia seguras y plenas, con padres y madres presentes, que las eduquen en respeto, sin reproducir esquemas que normalizaban violencia f\u00edsica y psicol\u00f3gica.\u00a0 Con autoridades que comprendan que no hay mejor forma de festejarlas que haciendo todo lo necesario para proteger sus derechos y siempre teniendo como prioridad su inter\u00e9s superior. Eso lo queremos cotidiano.<\/p>\n<p style=\"text-align: justify;\">\n","protected":false},"excerpt":{"rendered":"<p>Por Elsa Cordero Mart\u00ednez | En nuestro pa\u00eds todos aquellos espacios, decisiones, acciones, que trastoquen los derechos de las infancias ameritan tener como punto de partida su inter\u00e9s superior, esto significa que es prioritario su bienestar, protecci\u00f3n y desarrollo y por ningun motivo\u00a0 correr riesgo alguno respecto su seguridad y\u00a0 estabilidad.\u00a0 Se visibilizan ya como [&hellip;]<\/p>\n","protected":false},"author":5,"featured_media":26808,"comment_status":"open","ping_status":"open","sticky":false,"template":"","format":"standard","meta":{"footnotes":""},"categories":[3,6],"tags":[],"class_list":["post-71159","post","type-post","status-publish","format-standard","has-post-thumbnail","hentry","category-8-columnas","category-opinion"],"amp_enabled":true,"_links":{"self":[{"href":"https:\/\/labestiapolitica.com.mx\/index.php?rest_route=\/wp\/v2\/posts\/71159","targetHints":{"allow":["GET"]}}],"collection":[{"href":"https:\/\/labestiapolitica.com.mx\/index.php?rest_route=\/wp\/v2\/posts"}],"about":[{"href":"https:\/\/labestiapolitica.com.mx\/index.php?rest_route=\/wp\/v2\/types\/post"}],"author":[{"embeddable":true,"href":"https:\/\/labestiapolitica.com.mx\/index.php?rest_route=\/wp\/v2\/users\/5"}],"replies":[{"embeddable":true,"href":"https:\/\/labestiapolitica.com.mx\/index.php?rest_route=%2Fwp%2Fv2%2Fcomments&post=71159"}],"version-history":[{"count":1,"href":"https:\/\/labestiapolitica.com.mx\/index.php?rest_route=\/wp\/v2\/posts\/71159\/revisions"}],"predecessor-version":[{"id":71160,"href":"https:\/\/labestiapolitica.com.mx\/index.php?rest_route=\/wp\/v2\/posts\/71159\/revisions\/71160"}],"wp:featuredmedia":[{"embeddable":true,"href":"https:\/\/labestiapolitica.com.mx\/index.php?rest_route=\/wp\/v2\/media\/26808"}],"wp:attachment":[{"href":"https:\/\/labestiapolitica.com.mx\/index.php?rest_route=%2Fwp%2Fv2%2Fmedia&parent=71159"}],"wp:term":[{"taxonomy":"category","embeddable":true,"href":"https:\/\/labestiapolitica.com.mx\/index.php?rest_route=%2Fwp%2Fv2%2Fcategories&post=71159"},{"taxonomy":"post_tag","embeddable":true,"href":"https:\/\/labestiapolitica.com.mx\/index.php?rest_route=%2Fwp%2Fv2%2Ftags&post=71159"}],"curies":[{"name":"wp","href":"https:\/\/api.w.org\/{rel}","templated":true}]}}