{"id":71161,"date":"2026-04-26T20:41:48","date_gmt":"2026-04-27T02:41:48","guid":{"rendered":"https:\/\/labestiapolitica.com.mx\/?p=71161"},"modified":"2026-04-26T20:41:48","modified_gmt":"2026-04-27T02:41:48","slug":"celebra-antorcha-campesina-35-anos-en-tlaxcala-con-alfonso-sanchez-como-invitado","status":"publish","type":"post","link":"https:\/\/labestiapolitica.com.mx\/?p=71161","title":{"rendered":"Celebra Antorcha Campesina 35 a\u00f1os en Tlaxcala con Alfonso S\u00e1nchez como invitado."},"content":{"rendered":"<p style=\"text-align: justify;\">En medio de un ambiente festivo y con una Plaza de Toros Jorge \u201cEl Ranchero\u201d Aguilar completamente llena, el Movimiento Antorchista celebr\u00f3 su 35 aniversario en Tlaxcala, reuniendo a miles de simpatizantes en un acto encabezado por su dirigente nacional, Aquiles C\u00f3rdoba Mor\u00e1n, quien destac\u00f3 la consolidaci\u00f3n de la organizaci\u00f3n como un actor clave en la gesti\u00f3n social a favor de los sectores m\u00e1s vulnerables.<\/p>\n<p style=\"text-align: justify;\">Al evento tambi\u00e9n asisti\u00f3 el dirigente estatal, Isa\u00edas Chanona Hern\u00e1ndez, as\u00ed como diversas figuras p\u00fablicas; sin embargo, una de las presencias que gener\u00f3 mayor atenci\u00f3n fue la del presidente municipal de Tlaxcala, Alfonso S\u00e1nchez Garc\u00eda.<\/p>\n<p style=\"text-align: justify;\">Ante una audiencia receptiva, el edil reconoci\u00f3 la trayectoria del movimiento y el esfuerzo colectivo de sus integrantes: \u201c35 a\u00f1os de organizaci\u00f3n son 35 a\u00f1os de familias que decidieron unirse para buscar una vida mejor. Eso merece respeto. Eso merece reconocimiento\u201d, expres\u00f3.<\/p>\n<p style=\"text-align: justify;\">Durante su intervenci\u00f3n, S\u00e1nchez Garc\u00eda subray\u00f3 que, desde el Ayuntamiento, ha mantenido una relaci\u00f3n institucional con la organizaci\u00f3n, privilegiando el di\u00e1logo y la construcci\u00f3n de acuerdos.<\/p>\n<p style=\"text-align: justify;\">Como ejemplo, mencion\u00f3 la reubicaci\u00f3n de comerciantes vinculados al movimiento, un proceso que, dijo, se llev\u00f3 a cabo mediante consensos.<\/p>\n<p style=\"text-align: justify;\">En un acto donde la movilizaci\u00f3n y la estructura del movimiento quedaron de manifiesto, la participaci\u00f3n del alcalde fue bien recibida por los asistentes, reflejando una relaci\u00f3n de interlocuci\u00f3n constante que se tradujo en gestos de reconocimiento y una favorable percepci\u00f3n hacia su presencia.<\/p>\n","protected":false},"excerpt":{"rendered":"<p>En medio de un ambiente festivo y con una Plaza de Toros Jorge \u201cEl Ranchero\u201d Aguilar completamente llena, el Movimiento Antorchista celebr\u00f3 su 35 aniversario en Tlaxcala, reuniendo a miles de simpatizantes en un acto encabezado por su dirigente nacional, Aquiles C\u00f3rdoba Mor\u00e1n, quien destac\u00f3 la consolidaci\u00f3n de la organizaci\u00f3n como un actor clave en [&hellip;]<\/p>\n","protected":false},"author":5,"featured_media":71163,"comment_status":"open","ping_status":"open","sticky":false,"template":"","format":"standard","meta":{"footnotes":""},"categories":[216,214],"tags":[],"class_list":["post-71161","post","type-post","status-publish","format-standard","has-post-thumbnail","hentry","category-municipios","category-tlaxcala-capital"],"amp_enabled":true,"_links":{"self":[{"href":"https:\/\/labestiapolitica.com.mx\/index.php?rest_route=\/wp\/v2\/posts\/71161","targetHints":{"allow":["GET"]}}],"collection":[{"href":"https:\/\/labestiapolitica.com.mx\/index.php?rest_route=\/wp\/v2\/posts"}],"about":[{"href":"https:\/\/labestiapolitica.com.mx\/index.php?rest_route=\/wp\/v2\/types\/post"}],"author":[{"embeddable":true,"href":"https:\/\/labestiapolitica.com.mx\/index.php?rest_route=\/wp\/v2\/users\/5"}],"replies":[{"embeddable":true,"href":"https:\/\/labestiapolitica.com.mx\/index.php?rest_route=%2Fwp%2Fv2%2Fcomments&post=71161"}],"version-history":[{"count":1,"href":"https:\/\/labestiapolitica.com.mx\/index.php?rest_route=\/wp\/v2\/posts\/71161\/revisions"}],"predecessor-version":[{"id":71164,"href":"https:\/\/labestiapolitica.com.mx\/index.php?rest_route=\/wp\/v2\/posts\/71161\/revisions\/71164"}],"wp:featuredmedia":[{"embeddable":true,"href":"https:\/\/labestiapolitica.com.mx\/index.php?rest_route=\/wp\/v2\/media\/71163"}],"wp:attachment":[{"href":"https:\/\/labestiapolitica.com.mx\/index.php?rest_route=%2Fwp%2Fv2%2Fmedia&parent=71161"}],"wp:term":[{"taxonomy":"category","embeddable":true,"href":"https:\/\/labestiapolitica.com.mx\/index.php?rest_route=%2Fwp%2Fv2%2Fcategories&post=71161"},{"taxonomy":"post_tag","embeddable":true,"href":"https:\/\/labestiapolitica.com.mx\/index.php?rest_route=%2Fwp%2Fv2%2Ftags&post=71161"}],"curies":[{"name":"wp","href":"https:\/\/api.w.org\/{rel}","templated":true}]}}