{"id":71165,"date":"2026-04-26T20:44:17","date_gmt":"2026-04-27T02:44:17","guid":{"rendered":"https:\/\/labestiapolitica.com.mx\/?p=71165"},"modified":"2026-04-26T20:44:17","modified_gmt":"2026-04-27T02:44:17","slug":"tlaxcala-capital-fue-sede-del-encuentro-interinstitucional-en-favor-de-la-ninez-y-la-adolescencia","status":"publish","type":"post","link":"https:\/\/labestiapolitica.com.mx\/?p=71165","title":{"rendered":"Tlaxcala Capital fue sede del encuentro interinstitucional en favor de la ni\u00f1ez y la adolescencia."},"content":{"rendered":"<div data-xid=\"Gd7Hsc\" data-sfc-cp=\"\" data-sfc-root=\"c\" data-wiz-uids=\"sefrDf_l\" data-sfc-cb=\"\" data-complete=\"true\" data-processed=\"true\">\n<div class=\"DBd2Wb\" data-complete=\"true\" data-processed=\"true\"><\/div>\n<\/div>\n<p style=\"text-align: justify;\">El Ayuntamiento de Tlaxcala fue sede de la mesa de trabajo \u201cProcuradur\u00edas para la Protecci\u00f3n de Ni\u00f1as, Ni\u00f1os y Adolescentes\u201d, un encuentro interinstitucional de gran relevancia que reuni\u00f3 al Tribunal Superior de Justicia del Estado de Tlaxcala y al Sistema Estatal para el Desarrollo Integral de la Familia Tlaxcala (SEDIF).<\/p>\n<p style=\"text-align: justify;\">El evento tuvo como prop\u00f3sito fortalecer la coordinaci\u00f3n entre instituciones para garantizar la protecci\u00f3n integral de ni\u00f1as, ni\u00f1os y adolescentes, as\u00ed como homologar criterios de actuaci\u00f3n en materia de justicia familiar y protecci\u00f3n de derechos.<\/p>\n<p style=\"text-align: justify;\">Durante su intervenci\u00f3n, el presidente municipal, Alfonso S\u00e1nchez Garc\u00eda, dio la bienvenida a las autoridades presentes y destac\u00f3 que este tema no puede ser tratado como un asunto secundario, sino como una de las responsabilidades m\u00e1s sensibles del Estado.<\/p>\n<p style=\"text-align: justify;\">Asimismo, se\u00f1al\u00f3 que detr\u00e1s de cada expediente existen historias de vida que requieren atenci\u00f3n inmediata, y reiter\u00f3 el compromiso del gobierno municipal de trabajar bajo el principio de \u201cm\u00e1s territorio y menos escritorio\u201d, fortaleciendo la cercan\u00eda con la ciudadan\u00eda y la respuesta institucional.<\/p>\n<p style=\"text-align: justify;\">Por su parte, la presidenta honor\u00edfica del SEDIF Tlaxcala, Mariana Espinoza de los Monteros Cu\u00e9llar, reconoci\u00f3 el compromiso de los municipios y destac\u00f3 la importancia de esta mesa de trabajo para fortalecer la coordinaci\u00f3n, el intercambio de experiencias y la unificaci\u00f3n de criterios en la atenci\u00f3n de casos relacionados con la ni\u00f1ez.<\/p>\n<p style=\"text-align: justify;\">En su mensaje, la magistrada Anel Ba\u00f1uelos Meneses, presidenta de la Sala Civil, Familiar y Mercantil del Tribunal Superior de Justicia del Estado, resalt\u00f3 que el trabajo conjunto entre instituciones es fundamental para garantizar el inter\u00e9s superior de la ni\u00f1ez, as\u00ed como para mejorar la eficacia en la impartici\u00f3n de justicia familiar.<\/p>\n<p style=\"text-align: justify;\">Durante la mesa de trabajo se abordaron temas como custodia, representaci\u00f3n, alimentos provisionales, \u00f3rdenes de protecci\u00f3n y criterios de actuaci\u00f3n de las procuradur\u00edas, con el objetivo de fortalecer la atenci\u00f3n integral y especializada a este sector de la poblaci\u00f3n.<\/p>\n<p style=\"text-align: justify;\">En este encuentro estuvieron presentes autoridades del \u00e1mbito judicial y estatal, entre ellas el magistrado Enrique Acoltzi Conde, la magistrada Mildred Murbatian Aguilar, la directora general del Sistema Estatal DIF, Flor de Mar\u00eda L\u00f3pez Hinojosa; la subprocuradora estatal Yerthy Celis Corona, as\u00ed como autoridades municipales, jueces familiares, procuradoras y procuradores, adem\u00e1s de los titulares de los sistemas DIF municipales.<\/p>\n","protected":false},"excerpt":{"rendered":"<p>El Ayuntamiento de Tlaxcala fue sede de la mesa de trabajo \u201cProcuradur\u00edas para la Protecci\u00f3n de Ni\u00f1as, Ni\u00f1os y Adolescentes\u201d, un encuentro interinstitucional de gran relevancia que reuni\u00f3 al Tribunal Superior de Justicia del Estado de Tlaxcala y al Sistema Estatal para el Desarrollo Integral de la Familia Tlaxcala (SEDIF). El evento tuvo como prop\u00f3sito [&hellip;]<\/p>\n","protected":false},"author":5,"featured_media":71166,"comment_status":"open","ping_status":"open","sticky":false,"template":"","format":"standard","meta":{"footnotes":""},"categories":[216,214],"tags":[],"class_list":["post-71165","post","type-post","status-publish","format-standard","has-post-thumbnail","hentry","category-municipios","category-tlaxcala-capital"],"amp_enabled":true,"_links":{"self":[{"href":"https:\/\/labestiapolitica.com.mx\/index.php?rest_route=\/wp\/v2\/posts\/71165","targetHints":{"allow":["GET"]}}],"collection":[{"href":"https:\/\/labestiapolitica.com.mx\/index.php?rest_route=\/wp\/v2\/posts"}],"about":[{"href":"https:\/\/labestiapolitica.com.mx\/index.php?rest_route=\/wp\/v2\/types\/post"}],"author":[{"embeddable":true,"href":"https:\/\/labestiapolitica.com.mx\/index.php?rest_route=\/wp\/v2\/users\/5"}],"replies":[{"embeddable":true,"href":"https:\/\/labestiapolitica.com.mx\/index.php?rest_route=%2Fwp%2Fv2%2Fcomments&post=71165"}],"version-history":[{"count":1,"href":"https:\/\/labestiapolitica.com.mx\/index.php?rest_route=\/wp\/v2\/posts\/71165\/revisions"}],"predecessor-version":[{"id":71167,"href":"https:\/\/labestiapolitica.com.mx\/index.php?rest_route=\/wp\/v2\/posts\/71165\/revisions\/71167"}],"wp:featuredmedia":[{"embeddable":true,"href":"https:\/\/labestiapolitica.com.mx\/index.php?rest_route=\/wp\/v2\/media\/71166"}],"wp:attachment":[{"href":"https:\/\/labestiapolitica.com.mx\/index.php?rest_route=%2Fwp%2Fv2%2Fmedia&parent=71165"}],"wp:term":[{"taxonomy":"category","embeddable":true,"href":"https:\/\/labestiapolitica.com.mx\/index.php?rest_route=%2Fwp%2Fv2%2Fcategories&post=71165"},{"taxonomy":"post_tag","embeddable":true,"href":"https:\/\/labestiapolitica.com.mx\/index.php?rest_route=%2Fwp%2Fv2%2Ftags&post=71165"}],"curies":[{"name":"wp","href":"https:\/\/api.w.org\/{rel}","templated":true}]}}