{"id":71173,"date":"2026-04-27T09:35:38","date_gmt":"2026-04-27T15:35:38","guid":{"rendered":"https:\/\/labestiapolitica.com.mx\/?p=71173"},"modified":"2026-04-27T09:35:38","modified_gmt":"2026-04-27T15:35:38","slug":"historico-rescate-de-vialidades-en-la-loma-xicohtencatl-encabezado-por-alfonso-sanchez-garcia","status":"publish","type":"post","link":"https:\/\/labestiapolitica.com.mx\/?p=71173","title":{"rendered":"Hist\u00f3rico rescate de vialidades en La Loma Xicoht\u00e9ncatl encabezado por Alfonso S\u00e1nchez Garc\u00eda."},"content":{"rendered":"<p style=\"text-align: justify;\">Como resultado de la macrofaena impulsada por el Gobierno de Alfonso S\u00e1nchez Garc\u00eda, en tan solo una semana se logr\u00f3 tapar un total de 120 baches en la colonia Loma Xicoht\u00e9ncatl, con lo que se dio respuesta a una de las demandas m\u00e1s sentidas de la poblaci\u00f3n.<\/p>\n<p style=\"text-align: justify;\">Porque este es un gobierno que escucha y que resuelve, el alcalde dio inicio a los trabajos el s\u00e1bado de la semana pasada con el apoyo de brigadas de \u201cM\u00e1s territorio y menos escritorio\u201d integradas por m\u00e1s de 100 trabajadores del Ayuntamiento, quienes realizaron labores intensivas de bacheo en calles 1, 7, 11, 15 y 19 de esta colonia, donde por a\u00f1os se acumul\u00f3 el deterioro de la carpeta asf\u00e1ltica.<\/p>\n<p>Sabedor de esta situaci\u00f3n, Alfonso S\u00e1nchez Garc\u00eda supervis\u00f3 personalmente los trabajos y dio seguimiento puntual a cada una de las acciones emprendidas a lo largo de la semana en beneficio de las y los vecinos de este lugar.<\/p>\n<p style=\"text-align: justify;\">Adem\u00e1s del bacheo, las brigadas desarrollaron trabajos complementarios de balizado, poda, limpieza general y pintura de guarniciones, as\u00ed como mejoramiento de algunas calles con rastreo, lo que fortalece as\u00ed la imagen urbana y seguridad del lugar.<\/p>\n<p style=\"text-align: justify;\">Vecinas y vecinos reconocieron la disposici\u00f3n del presidente municipal para atender una problem\u00e1tica que afectaba diariamente su movilidad y seguridad, adem\u00e1s de agradecer otras obras recientes como la rehabilitaci\u00f3n de los bulevares de Ocotelulco y del Maestro.<\/p>\n<p style=\"text-align: justify;\">Con resultados concretos, el Gobierno de Alfonso S\u00e1nchez Garc\u00eda mantiene un ritmo constante de trabajo y consolida una administraci\u00f3n que trabaja en apego a los principios de la Cuarta Transformaci\u00f3n.<\/p>\n","protected":false},"excerpt":{"rendered":"<p>Como resultado de la macrofaena impulsada por el Gobierno de Alfonso S\u00e1nchez Garc\u00eda, en tan solo una semana se logr\u00f3 tapar un total de 120 baches en la colonia Loma Xicoht\u00e9ncatl, con lo que se dio respuesta a una de las demandas m\u00e1s sentidas de la poblaci\u00f3n. Porque este es un gobierno que escucha y [&hellip;]<\/p>\n","protected":false},"author":5,"featured_media":71174,"comment_status":"open","ping_status":"open","sticky":false,"template":"","format":"standard","meta":{"footnotes":""},"categories":[216,214],"tags":[],"class_list":["post-71173","post","type-post","status-publish","format-standard","has-post-thumbnail","hentry","category-municipios","category-tlaxcala-capital"],"amp_enabled":true,"_links":{"self":[{"href":"https:\/\/labestiapolitica.com.mx\/index.php?rest_route=\/wp\/v2\/posts\/71173","targetHints":{"allow":["GET"]}}],"collection":[{"href":"https:\/\/labestiapolitica.com.mx\/index.php?rest_route=\/wp\/v2\/posts"}],"about":[{"href":"https:\/\/labestiapolitica.com.mx\/index.php?rest_route=\/wp\/v2\/types\/post"}],"author":[{"embeddable":true,"href":"https:\/\/labestiapolitica.com.mx\/index.php?rest_route=\/wp\/v2\/users\/5"}],"replies":[{"embeddable":true,"href":"https:\/\/labestiapolitica.com.mx\/index.php?rest_route=%2Fwp%2Fv2%2Fcomments&post=71173"}],"version-history":[{"count":1,"href":"https:\/\/labestiapolitica.com.mx\/index.php?rest_route=\/wp\/v2\/posts\/71173\/revisions"}],"predecessor-version":[{"id":71175,"href":"https:\/\/labestiapolitica.com.mx\/index.php?rest_route=\/wp\/v2\/posts\/71173\/revisions\/71175"}],"wp:featuredmedia":[{"embeddable":true,"href":"https:\/\/labestiapolitica.com.mx\/index.php?rest_route=\/wp\/v2\/media\/71174"}],"wp:attachment":[{"href":"https:\/\/labestiapolitica.com.mx\/index.php?rest_route=%2Fwp%2Fv2%2Fmedia&parent=71173"}],"wp:term":[{"taxonomy":"category","embeddable":true,"href":"https:\/\/labestiapolitica.com.mx\/index.php?rest_route=%2Fwp%2Fv2%2Fcategories&post=71173"},{"taxonomy":"post_tag","embeddable":true,"href":"https:\/\/labestiapolitica.com.mx\/index.php?rest_route=%2Fwp%2Fv2%2Ftags&post=71173"}],"curies":[{"name":"wp","href":"https:\/\/api.w.org\/{rel}","templated":true}]}}