{"id":71180,"date":"2026-04-27T10:27:10","date_gmt":"2026-04-27T16:27:10","guid":{"rendered":"https:\/\/labestiapolitica.com.mx\/?p=71180"},"modified":"2026-04-27T10:27:10","modified_gmt":"2026-04-27T16:27:10","slug":"carlos-augusto-perez-consolida-crecimiento-rumbo-a-2027-encuesta-lo-coloca-como-uno-de-los-perfiles-mas-competitivos-de-morena-en-tlaxcala","status":"publish","type":"post","link":"https:\/\/labestiapolitica.com.mx\/?p=71180","title":{"rendered":"Carlos Augusto P\u00e9rez consolida crecimiento rumbo a 2027; encuesta lo coloca como uno de los perfiles m\u00e1s competitivos de Morena en Tlaxcala."},"content":{"rendered":"<p style=\"text-align: justify;\">El trabajo territorial, la cercan\u00eda con la ciudadan\u00eda y una trayectoria construida desde el servicio p\u00fablico comienzan a reflejarse en la opini\u00f3n p\u00fablica. De acuerdo con la medici\u00f3n difundida por NUMETIKA, Carlos Augusto P\u00e9rez se posiciona como uno de los perfiles con mayor respaldo ciudadano dentro de Morena para encabezar una eventual candidatura masculina a la gubernatura de Tlaxcala.<\/p>\n<p style=\"text-align: justify;\">En los resultados presentados, Carlos Augusto P\u00e9rez alcanza 42.9% de preferencia, ubic\u00e1ndose en una posici\u00f3n altamente competitiva y confirmando el crecimiento sostenido de su proyecto pol\u00edtico en el estado.<\/p>\n<p style=\"text-align: justify;\">Este avance no es casualidad. Durante los \u00faltimos meses, Carlos Augusto ha intensificado recorridos en diversos municipios de Tlaxcala, escuchando directamente a las familias, productores, j\u00f3venes, mujeres y sectores sociales que demandan continuidad en el proceso de transformaci\u00f3n que vive el pa\u00eds.<\/p>\n<p style=\"text-align: justify;\">Su presencia constante en territorio, lejos de la pol\u00edtica de escritorio, ha fortalecido una imagen de cercan\u00eda, trabajo y resultados. Municipios del norte, centro y sur del estado han sido testigos de encuentros ciudadanos donde se impulsa un mensaje claro: consolidar la justicia social, ampliar oportunidades y mantener un gobierno cercano al pueblo.<\/p>\n<p style=\"text-align: justify;\">A ello se suma una trayectoria respaldada por experiencia pol\u00edtica y capacidad de di\u00e1logo, factores que hoy son valorados por una ciudadan\u00eda cada vez m\u00e1s informada y exigente. Analistas coinciden en que los perfiles con estructura territorial, reconocimiento social y conexi\u00f3n con las bases ser\u00e1n determinantes en la definici\u00f3n rumbo a 2027.<\/p>\n<p style=\"text-align: justify;\">El crecimiento de Carlos Augusto P\u00e9rez tambi\u00e9n refleja una nueva generaci\u00f3n de liderazgos dentro del movimiento, capaces de combinar experiencia con energ\u00eda renovada, visi\u00f3n municipalista y compromiso con las causas sociales.<\/p>\n<p style=\"text-align: justify;\">Con estos n\u00fameros, el escenario interno de Morena en Tlaxcala comienza a tomar forma, y Carlos Augusto se perfila como una de las figuras con mayor impulso ciudadano para encabezar los pr\u00f3ximos retos electorales.<\/p>\n<p style=\"text-align: justify;\">\u201cLa transformaci\u00f3n se construye caminando junto al pueblo, escuchando y resolviendo\u201d, ha expresado en diversos encuentros el pol\u00edtico tlaxcalteca.<\/p>\n","protected":false},"excerpt":{"rendered":"<p>El trabajo territorial, la cercan\u00eda con la ciudadan\u00eda y una trayectoria construida desde el servicio p\u00fablico comienzan a reflejarse en la opini\u00f3n p\u00fablica. De acuerdo con la medici\u00f3n difundida por NUMETIKA, Carlos Augusto P\u00e9rez se posiciona como uno de los perfiles con mayor respaldo ciudadano dentro de Morena para encabezar una eventual candidatura masculina a [&hellip;]<\/p>\n","protected":false},"author":5,"featured_media":71181,"comment_status":"open","ping_status":"open","sticky":false,"template":"","format":"standard","meta":{"footnotes":""},"categories":[3,249,264,247],"tags":[],"class_list":["post-71180","post","type-post","status-publish","format-standard","has-post-thumbnail","hentry","category-8-columnas","category-morena","category-partidos-politicos","category-politica"],"amp_enabled":true,"_links":{"self":[{"href":"https:\/\/labestiapolitica.com.mx\/index.php?rest_route=\/wp\/v2\/posts\/71180","targetHints":{"allow":["GET"]}}],"collection":[{"href":"https:\/\/labestiapolitica.com.mx\/index.php?rest_route=\/wp\/v2\/posts"}],"about":[{"href":"https:\/\/labestiapolitica.com.mx\/index.php?rest_route=\/wp\/v2\/types\/post"}],"author":[{"embeddable":true,"href":"https:\/\/labestiapolitica.com.mx\/index.php?rest_route=\/wp\/v2\/users\/5"}],"replies":[{"embeddable":true,"href":"https:\/\/labestiapolitica.com.mx\/index.php?rest_route=%2Fwp%2Fv2%2Fcomments&post=71180"}],"version-history":[{"count":1,"href":"https:\/\/labestiapolitica.com.mx\/index.php?rest_route=\/wp\/v2\/posts\/71180\/revisions"}],"predecessor-version":[{"id":71182,"href":"https:\/\/labestiapolitica.com.mx\/index.php?rest_route=\/wp\/v2\/posts\/71180\/revisions\/71182"}],"wp:featuredmedia":[{"embeddable":true,"href":"https:\/\/labestiapolitica.com.mx\/index.php?rest_route=\/wp\/v2\/media\/71181"}],"wp:attachment":[{"href":"https:\/\/labestiapolitica.com.mx\/index.php?rest_route=%2Fwp%2Fv2%2Fmedia&parent=71180"}],"wp:term":[{"taxonomy":"category","embeddable":true,"href":"https:\/\/labestiapolitica.com.mx\/index.php?rest_route=%2Fwp%2Fv2%2Fcategories&post=71180"},{"taxonomy":"post_tag","embeddable":true,"href":"https:\/\/labestiapolitica.com.mx\/index.php?rest_route=%2Fwp%2Fv2%2Ftags&post=71180"}],"curies":[{"name":"wp","href":"https:\/\/api.w.org\/{rel}","templated":true}]}}