{"id":71183,"date":"2026-04-27T10:54:20","date_gmt":"2026-04-27T16:54:20","guid":{"rendered":"https:\/\/labestiapolitica.com.mx\/?p=71183"},"modified":"2026-04-27T10:54:20","modified_gmt":"2026-04-27T16:54:20","slug":"pone-en-marcha-direccion-ejecutiva-de-la-ssc-el-programa-la-ssc-cerca-de-ti-en-atltzayanca","status":"publish","type":"post","link":"https:\/\/labestiapolitica.com.mx\/?p=71183","title":{"rendered":"Pone en marcha Direcci\u00f3n Ejecutiva de la SSC el programa \u201cLa SSC cerca de ti\u201d en Atltzayanca."},"content":{"rendered":"<ul>\n<li style=\"text-align: justify;\">Ciudadan\u00eda particip\u00f3 activamente en m\u00f3dulos de proximidad y prevenci\u00f3n<\/li>\n<\/ul>\n<p style=\"text-align: justify;\">La Direcci\u00f3n Ejecutiva de la Secretar\u00eda de Seguridad Ciudadana (SSC) llev\u00f3 a cabo el pasado viernes la puesta en marcha del programa \u201cLa SSC Cerca de Ti\u201d en el municipio de Atltzayanca, con el objetivo de fortalecer la proximidad social, la prevenci\u00f3n del delito y la confianza entre autoridades y ciudadan\u00eda.<\/p>\n<p style=\"text-align: justify;\">Durante esta jornada, se cont\u00f3 con una destacada participaci\u00f3n de las y los habitantes del municipio, quienes acudieron con entusiasmo a los diferentes m\u00f3dulos informativos, interactuando de manera directa con el personal especializado de la SSC.<\/p>\n<p style=\"text-align: justify;\">Entre las \u00e1reas participantes se encontraron Polic\u00eda de G\u00e9nero, Prevenci\u00f3n del Delito y Polic\u00eda Cibern\u00e9tica, donde se brind\u00f3 orientaci\u00f3n, recomendaciones y atenci\u00f3n personalizada en temas como violencia de g\u00e9nero, medidas preventivas y uso seguro de tecnolog\u00edas.<\/p>\n<p style=\"text-align: justify;\">Asimismo, este esfuerzo coordinado cont\u00f3 con la colaboraci\u00f3n de la Polic\u00eda Municipal y el Instituto Municipal de la Mujer, sumando acciones para reforzar la atenci\u00f3n integral a la ciudadan\u00eda y promover entornos m\u00e1s seguros.<\/p>\n<p style=\"text-align: justify;\">Con estas acciones, la Secretar\u00eda de Seguridad Ciudadana refrenda su compromiso de mantener una cercan\u00eda permanente con la poblaci\u00f3n, impulsando estrategias que fomenten la participaci\u00f3n social y la construcci\u00f3n de la paz en el estado.<\/p>\n","protected":false},"excerpt":{"rendered":"<p>Ciudadan\u00eda particip\u00f3 activamente en m\u00f3dulos de proximidad y prevenci\u00f3n La Direcci\u00f3n Ejecutiva de la Secretar\u00eda de Seguridad Ciudadana (SSC) llev\u00f3 a cabo el pasado viernes la puesta en marcha del programa \u201cLa SSC Cerca de Ti\u201d en el municipio de Atltzayanca, con el objetivo de fortalecer la proximidad social, la prevenci\u00f3n del delito y la [&hellip;]<\/p>\n","protected":false},"author":5,"featured_media":71184,"comment_status":"open","ping_status":"open","sticky":false,"template":"","format":"standard","meta":{"footnotes":""},"categories":[236,311],"tags":[],"class_list":["post-71183","post","type-post","status-publish","format-standard","has-post-thumbnail","hentry","category-gobierno-de-tlaxcala","category-ssc"],"amp_enabled":true,"_links":{"self":[{"href":"https:\/\/labestiapolitica.com.mx\/index.php?rest_route=\/wp\/v2\/posts\/71183","targetHints":{"allow":["GET"]}}],"collection":[{"href":"https:\/\/labestiapolitica.com.mx\/index.php?rest_route=\/wp\/v2\/posts"}],"about":[{"href":"https:\/\/labestiapolitica.com.mx\/index.php?rest_route=\/wp\/v2\/types\/post"}],"author":[{"embeddable":true,"href":"https:\/\/labestiapolitica.com.mx\/index.php?rest_route=\/wp\/v2\/users\/5"}],"replies":[{"embeddable":true,"href":"https:\/\/labestiapolitica.com.mx\/index.php?rest_route=%2Fwp%2Fv2%2Fcomments&post=71183"}],"version-history":[{"count":1,"href":"https:\/\/labestiapolitica.com.mx\/index.php?rest_route=\/wp\/v2\/posts\/71183\/revisions"}],"predecessor-version":[{"id":71185,"href":"https:\/\/labestiapolitica.com.mx\/index.php?rest_route=\/wp\/v2\/posts\/71183\/revisions\/71185"}],"wp:featuredmedia":[{"embeddable":true,"href":"https:\/\/labestiapolitica.com.mx\/index.php?rest_route=\/wp\/v2\/media\/71184"}],"wp:attachment":[{"href":"https:\/\/labestiapolitica.com.mx\/index.php?rest_route=%2Fwp%2Fv2%2Fmedia&parent=71183"}],"wp:term":[{"taxonomy":"category","embeddable":true,"href":"https:\/\/labestiapolitica.com.mx\/index.php?rest_route=%2Fwp%2Fv2%2Fcategories&post=71183"},{"taxonomy":"post_tag","embeddable":true,"href":"https:\/\/labestiapolitica.com.mx\/index.php?rest_route=%2Fwp%2Fv2%2Ftags&post=71183"}],"curies":[{"name":"wp","href":"https:\/\/api.w.org\/{rel}","templated":true}]}}