{"id":71190,"date":"2026-04-27T11:08:13","date_gmt":"2026-04-27T17:08:13","guid":{"rendered":"https:\/\/labestiapolitica.com.mx\/?p=71190"},"modified":"2026-04-27T11:12:24","modified_gmt":"2026-04-27T17:12:24","slug":"mi-gallo-es-alfonso-sanchez-garcia-rivera-bonilla-niega-presiones-rumbo-al-2027","status":"publish","type":"post","link":"https:\/\/labestiapolitica.com.mx\/?p=71190","title":{"rendered":"\u201cMi gallo es Alfonso S\u00e1nchez Garc\u00eda\u201d: Rivera Bonilla niega presiones rumbo al 2027"},"content":{"rendered":"<p class=\"p1\" style=\"text-align: justify;\">Mariana LOVERA\/\/ En medio del proceso interno de Morena para definir al candidato o candidata a la gubernatura de Tlaxcala, el presidente municipal de Apizaco, el morenista Javier Rivera Bonilla, declar\u00f3 su respaldo al alcalde capitalino Alfonso S\u00e1nchez Garc\u00eda.<\/p>\n<p class=\"p1\" style=\"text-align: justify;\"><span class=\"s1\">Rivera Bonilla asegur\u00f3 que nadie lo ha presionado para apoyar a alguno de los aspirantes y subray\u00f3 que su simpat\u00eda es completamente libre y voluntaria. \u201cNosotros somos libres y soberanos\u201d, afirm\u00f3, al tiempo que rechaz\u00f3 haber recibido presiones directas o indirectas por parte de la dirigencia estatal o gobierno del estado.<\/span><\/p>\n<p class=\"p1\" style=\"text-align: justify;\"><span class=\"s1\">El edil de Apizaco se pronunci\u00f3 as\u00ed luego de que se le cuestionara sobre los movimientos pol\u00edticos en el estado y la posible intervenci\u00f3n de liderazgos nacionales en la definici\u00f3n de la candidatura. En su respuesta, tambi\u00e9n sali\u00f3 en defensa de la gobernadora Lorena Cu\u00e9llar, a quien calific\u00f3 como una \u201ctrabajadora incansable\u201d y rechaz\u00f3 las cr\u00edticas en su contra como \u201cinfundadas\u201d y provenientes de la oposici\u00f3n.<\/span><\/p>\n<p class=\"p1\" style=\"text-align: justify;\"><span class=\"s1\">Cabe recordar que Alfonso S\u00e1nchez Garc\u00eda, actual presidente municipal de Tlaxcala capital, podr\u00eda competir<span class=\"Apple-converted-space\">\u00a0 <\/span>por la candidatura de Morena al gobierno del estado con figuras como la senadora Ana Lilia Rivera Rivera,<span class=\"Apple-converted-space\">\u00a0 <\/span>\u00d3scar Flores, Dulce Silva, Carlos Augusto P\u00e9rez Hern\u00e1ndez y Luis Vargas.<\/span><\/p>\n<p class=\"p1\" style=\"text-align: justify;\"><span class=\"s1\">\u201cAlfonso es un buen presidente, una buena persona, a m\u00ed me cae muy bien y yo lo voy a apoyar porque quiero\u201d, sentenci\u00f3 Rivera Bonilla, quien no ocult\u00f3 su preferencia pese a que el partido a\u00fan no define las reglas de la encuesta interna.<\/span><\/p>\n<p class=\"p1\" style=\"text-align: justify;\"><span class=\"s1\">\u201cHasta ahorita es mi gallo\u201d, remat\u00f3 el alcalde de Apizaco, dejando clara su postura.<\/span><\/p>\n","protected":false},"excerpt":{"rendered":"<p>Mariana LOVERA\/\/ En medio del proceso interno de Morena para definir al candidato o candidata a la gubernatura de Tlaxcala, el presidente municipal de Apizaco, el morenista Javier Rivera Bonilla, declar\u00f3 su respaldo al alcalde capitalino Alfonso S\u00e1nchez Garc\u00eda. Rivera Bonilla asegur\u00f3 que nadie lo ha presionado para apoyar a alguno de los aspirantes y [&hellip;]<\/p>\n","protected":false},"author":6,"featured_media":71191,"comment_status":"open","ping_status":"open","sticky":false,"template":"","format":"standard","meta":{"footnotes":""},"categories":[3,226,216],"tags":[],"class_list":["post-71190","post","type-post","status-publish","format-standard","has-post-thumbnail","hentry","category-8-columnas","category-apizaco","category-municipios"],"amp_enabled":true,"_links":{"self":[{"href":"https:\/\/labestiapolitica.com.mx\/index.php?rest_route=\/wp\/v2\/posts\/71190","targetHints":{"allow":["GET"]}}],"collection":[{"href":"https:\/\/labestiapolitica.com.mx\/index.php?rest_route=\/wp\/v2\/posts"}],"about":[{"href":"https:\/\/labestiapolitica.com.mx\/index.php?rest_route=\/wp\/v2\/types\/post"}],"author":[{"embeddable":true,"href":"https:\/\/labestiapolitica.com.mx\/index.php?rest_route=\/wp\/v2\/users\/6"}],"replies":[{"embeddable":true,"href":"https:\/\/labestiapolitica.com.mx\/index.php?rest_route=%2Fwp%2Fv2%2Fcomments&post=71190"}],"version-history":[{"count":1,"href":"https:\/\/labestiapolitica.com.mx\/index.php?rest_route=\/wp\/v2\/posts\/71190\/revisions"}],"predecessor-version":[{"id":71192,"href":"https:\/\/labestiapolitica.com.mx\/index.php?rest_route=\/wp\/v2\/posts\/71190\/revisions\/71192"}],"wp:featuredmedia":[{"embeddable":true,"href":"https:\/\/labestiapolitica.com.mx\/index.php?rest_route=\/wp\/v2\/media\/71191"}],"wp:attachment":[{"href":"https:\/\/labestiapolitica.com.mx\/index.php?rest_route=%2Fwp%2Fv2%2Fmedia&parent=71190"}],"wp:term":[{"taxonomy":"category","embeddable":true,"href":"https:\/\/labestiapolitica.com.mx\/index.php?rest_route=%2Fwp%2Fv2%2Fcategories&post=71190"},{"taxonomy":"post_tag","embeddable":true,"href":"https:\/\/labestiapolitica.com.mx\/index.php?rest_route=%2Fwp%2Fv2%2Ftags&post=71190"}],"curies":[{"name":"wp","href":"https:\/\/api.w.org\/{rel}","templated":true}]}}