{"id":71193,"date":"2026-04-27T12:47:34","date_gmt":"2026-04-27T18:47:34","guid":{"rendered":"https:\/\/labestiapolitica.com.mx\/?p=71193"},"modified":"2026-04-27T12:47:34","modified_gmt":"2026-04-27T18:47:34","slug":"arranca-apizaco-con-adoquinamiento-de-calles-y-rescate-de-espacios-publicos","status":"publish","type":"post","link":"https:\/\/labestiapolitica.com.mx\/?p=71193","title":{"rendered":"Arranca Apizaco con adoquinamiento de calles y rescate de espacios p\u00fablicos."},"content":{"rendered":"<p style=\"text-align: justify;\"><em><strong>Demian M\u00e1rquez<\/strong><\/em> | El presidente municipal de Apizaco, Javier Rivera Bonilla, dio el banderazo de inicio a nuevas obras p\u00fablicas en distintos puntos del municipio, como parte del programa de infraestructura correspondiente al ejercicio fiscal 2026.<\/p>\n<p style=\"text-align: justify;\">Los trabajos comenzaron en la colonia Loma Florida y en la comunidad de Apizaquito, con recursos del Fondo de Infraestructura Social Municipal (FISM).<\/p>\n<p style=\"text-align: justify;\">La primera acci\u00f3n corresponde a la construcci\u00f3n de pavimento con adoqu\u00edn en la calle Alhel\u00ed, en Loma Florida, donde se contempla una meta de mil 706 metros cuadrados.<\/p>\n<p style=\"text-align: justify;\">La inversi\u00f3n destinada es de un mill\u00f3n 448 mil 149 pesos con 80 centavos, obra que beneficiar\u00e1 de manera directa a mil 100 habitantes y de forma indirecta a dos mil 800 personas.<\/p>\n<p style=\"text-align: justify;\">Durante el arranque, Rivera Bonilla afirm\u00f3 que su administraci\u00f3n busca ser un gobierno de resultados y no s\u00f3lo de promesas.<\/p>\n<p style=\"text-align: justify;\">Se\u00f1al\u00f3 que las obras responden a solicitudes ciudadanas y que el objetivo es mejorar la movilidad, seguridad y calidad de vida de las familias apizaquenses.<\/p>\n<p style=\"text-align: justify;\">M\u00e1s tarde, autoridades municipales encabezaron el inicio de la rehabilitaci\u00f3n del parque p\u00fablico El C\u00f3poro II, en la comunidad de Apizaquito.<\/p>\n<p style=\"text-align: justify;\">Para este proyecto se ejercer\u00e1n 450 mil 821 pesos con 89 centavos, en beneficio de aproximadamente mil 500 vecinos.<\/p>\n<p style=\"text-align: justify;\">El alcalde destac\u00f3 que la recuperaci\u00f3n de espacios p\u00fablicos tambi\u00e9n forma parte de la estrategia municipal, al considerar que parques en buenas condiciones fortalecen la convivencia social y el bienestar comunitario.<\/p>\n<p style=\"text-align: justify;\">Finalmente, Javier Rivera Bonilla adelant\u00f3 que este paquete es s\u00f3lo el comienzo del plan anual de obra p\u00fablica, por lo que en los pr\u00f3ximos meses continuar\u00e1n acciones en comunidades, colonias y zonas prioritarias del municipio.<\/p>\n","protected":false},"excerpt":{"rendered":"<p>Demian M\u00e1rquez | El presidente municipal de Apizaco, Javier Rivera Bonilla, dio el banderazo de inicio a nuevas obras p\u00fablicas en distintos puntos del municipio, como parte del programa de infraestructura correspondiente al ejercicio fiscal 2026. Los trabajos comenzaron en la colonia Loma Florida y en la comunidad de Apizaquito, con recursos del Fondo de [&hellip;]<\/p>\n","protected":false},"author":5,"featured_media":71195,"comment_status":"open","ping_status":"open","sticky":false,"template":"","format":"standard","meta":{"footnotes":""},"categories":[3,226,216],"tags":[],"class_list":["post-71193","post","type-post","status-publish","format-standard","has-post-thumbnail","hentry","category-8-columnas","category-apizaco","category-municipios"],"amp_enabled":true,"_links":{"self":[{"href":"https:\/\/labestiapolitica.com.mx\/index.php?rest_route=\/wp\/v2\/posts\/71193","targetHints":{"allow":["GET"]}}],"collection":[{"href":"https:\/\/labestiapolitica.com.mx\/index.php?rest_route=\/wp\/v2\/posts"}],"about":[{"href":"https:\/\/labestiapolitica.com.mx\/index.php?rest_route=\/wp\/v2\/types\/post"}],"author":[{"embeddable":true,"href":"https:\/\/labestiapolitica.com.mx\/index.php?rest_route=\/wp\/v2\/users\/5"}],"replies":[{"embeddable":true,"href":"https:\/\/labestiapolitica.com.mx\/index.php?rest_route=%2Fwp%2Fv2%2Fcomments&post=71193"}],"version-history":[{"count":1,"href":"https:\/\/labestiapolitica.com.mx\/index.php?rest_route=\/wp\/v2\/posts\/71193\/revisions"}],"predecessor-version":[{"id":71196,"href":"https:\/\/labestiapolitica.com.mx\/index.php?rest_route=\/wp\/v2\/posts\/71193\/revisions\/71196"}],"wp:featuredmedia":[{"embeddable":true,"href":"https:\/\/labestiapolitica.com.mx\/index.php?rest_route=\/wp\/v2\/media\/71195"}],"wp:attachment":[{"href":"https:\/\/labestiapolitica.com.mx\/index.php?rest_route=%2Fwp%2Fv2%2Fmedia&parent=71193"}],"wp:term":[{"taxonomy":"category","embeddable":true,"href":"https:\/\/labestiapolitica.com.mx\/index.php?rest_route=%2Fwp%2Fv2%2Fcategories&post=71193"},{"taxonomy":"post_tag","embeddable":true,"href":"https:\/\/labestiapolitica.com.mx\/index.php?rest_route=%2Fwp%2Fv2%2Ftags&post=71193"}],"curies":[{"name":"wp","href":"https:\/\/api.w.org\/{rel}","templated":true}]}}