{"id":71205,"date":"2026-04-27T15:06:08","date_gmt":"2026-04-27T21:06:08","guid":{"rendered":"https:\/\/labestiapolitica.com.mx\/?p=71205"},"modified":"2026-04-27T15:06:08","modified_gmt":"2026-04-27T21:06:08","slug":"pan-pide-fortalecer-al-ite-rumbo-a-2027-acusa-falta-de-capacidad-para-sancionar-propaganda-anticipada","status":"publish","type":"post","link":"https:\/\/labestiapolitica.com.mx\/?p=71205","title":{"rendered":"PAN pide fortalecer al ITE rumbo a 2027; acusa falta de capacidad para sancionar propaganda anticipada."},"content":{"rendered":"<p style=\"text-align: justify;\"><em><strong>Demian M\u00e1rquez<\/strong><\/em> | El dirigente estatal del Partido Acci\u00f3n Nacional (PAN), \u00c1ngelo Guti\u00e9rrez Hern\u00e1ndez, consider\u00f3 necesario fortalecer al Instituto Tlaxcalteca de Elecciones (ITE) para que pueda desempe\u00f1arse como un verdadero \u00e1rbitro electoral rumbo al proceso de 2027.<\/p>\n<p style=\"text-align: justify;\">Se\u00f1al\u00f3 que el organismo enfrenta limitaciones presupuestales, operativas y legales que dificultan su capacidad de vigilancia y sanci\u00f3n.<\/p>\n<p style=\"text-align: justify;\">Durante una entrevista, el l\u00edder panista lament\u00f3 la resoluci\u00f3n relacionada con denuncias por propaganda pol\u00edtica anticipada, al asegurar que la ciudadan\u00eda observa pintas de bardas, lonas y promoci\u00f3n personalizada en distintos municipios.<\/p>\n<p style=\"text-align: justify;\">Afirm\u00f3 que los ciudadanos \u201cno son tontos\u201d y saben identificar este tipo de acciones.<\/p>\n<p style=\"text-align: justify;\">Guti\u00e9rrez Hern\u00e1ndez sostuvo que el problema no solo radica en las decisiones del \u00f3rgano electoral, sino tambi\u00e9n en la falta de herramientas jur\u00eddicas para investigar y castigar conductas fuera de la ley.<\/p>\n<p style=\"text-align: justify;\">Por ello, dijo que es indispensable dotar al instituto de mayor infraestructura, personal y recursos para cumplir con sus funciones de manera eficaz.<\/p>\n<p style=\"text-align: justify;\">El dirigente a\u00f1adi\u00f3 que el PAN analiza distintas v\u00edas legales para presentar recursos en torno a estos hechos.<\/p>\n<p style=\"text-align: justify;\">Indic\u00f3 que su partido ha documentado presuntos actos anticipados de promoci\u00f3n pol\u00edtica y que actuar\u00e1n en el momento procesal correspondiente.<\/p>\n<p style=\"text-align: justify;\">En otro tema, inform\u00f3 que la campa\u00f1a panista \u201cAhora te toca a ti\u201d contin\u00faa recorriendo los municipios del estado para sumar perfiles ciudadanos interesados en participar en pol\u00edtica.<\/p>\n<p style=\"text-align: justify;\">Detall\u00f3 que hasta ahora llevan m\u00e1s de 130 registros en Tlaxcala de personas interesadas en candidaturas y afiliaci\u00f3n partidista.<\/p>\n<p style=\"text-align: justify;\">Finalmente, asegur\u00f3 que Acci\u00f3n Nacional mantendr\u00e1 presencia en las calles para escuchar a comerciantes, j\u00f3venes, profesionistas y productores, al tiempo que insisti\u00f3 en la necesidad de reglas claras y piso parejo para la competencia electoral en la entidad.<\/p>\n","protected":false},"excerpt":{"rendered":"<p>Demian M\u00e1rquez | El dirigente estatal del Partido Acci\u00f3n Nacional (PAN), \u00c1ngelo Guti\u00e9rrez Hern\u00e1ndez, consider\u00f3 necesario fortalecer al Instituto Tlaxcalteca de Elecciones (ITE) para que pueda desempe\u00f1arse como un verdadero \u00e1rbitro electoral rumbo al proceso de 2027. Se\u00f1al\u00f3 que el organismo enfrenta limitaciones presupuestales, operativas y legales que dificultan su capacidad de vigilancia y sanci\u00f3n. [&hellip;]<\/p>\n","protected":false},"author":5,"featured_media":71206,"comment_status":"open","ping_status":"open","sticky":false,"template":"","format":"standard","meta":{"footnotes":""},"categories":[3,248,264,247],"tags":[],"class_list":["post-71205","post","type-post","status-publish","format-standard","has-post-thumbnail","hentry","category-8-columnas","category-pan","category-partidos-politicos","category-politica"],"amp_enabled":true,"_links":{"self":[{"href":"https:\/\/labestiapolitica.com.mx\/index.php?rest_route=\/wp\/v2\/posts\/71205","targetHints":{"allow":["GET"]}}],"collection":[{"href":"https:\/\/labestiapolitica.com.mx\/index.php?rest_route=\/wp\/v2\/posts"}],"about":[{"href":"https:\/\/labestiapolitica.com.mx\/index.php?rest_route=\/wp\/v2\/types\/post"}],"author":[{"embeddable":true,"href":"https:\/\/labestiapolitica.com.mx\/index.php?rest_route=\/wp\/v2\/users\/5"}],"replies":[{"embeddable":true,"href":"https:\/\/labestiapolitica.com.mx\/index.php?rest_route=%2Fwp%2Fv2%2Fcomments&post=71205"}],"version-history":[{"count":1,"href":"https:\/\/labestiapolitica.com.mx\/index.php?rest_route=\/wp\/v2\/posts\/71205\/revisions"}],"predecessor-version":[{"id":71207,"href":"https:\/\/labestiapolitica.com.mx\/index.php?rest_route=\/wp\/v2\/posts\/71205\/revisions\/71207"}],"wp:featuredmedia":[{"embeddable":true,"href":"https:\/\/labestiapolitica.com.mx\/index.php?rest_route=\/wp\/v2\/media\/71206"}],"wp:attachment":[{"href":"https:\/\/labestiapolitica.com.mx\/index.php?rest_route=%2Fwp%2Fv2%2Fmedia&parent=71205"}],"wp:term":[{"taxonomy":"category","embeddable":true,"href":"https:\/\/labestiapolitica.com.mx\/index.php?rest_route=%2Fwp%2Fv2%2Fcategories&post=71205"},{"taxonomy":"post_tag","embeddable":true,"href":"https:\/\/labestiapolitica.com.mx\/index.php?rest_route=%2Fwp%2Fv2%2Ftags&post=71205"}],"curies":[{"name":"wp","href":"https:\/\/api.w.org\/{rel}","templated":true}]}}