{"id":71208,"date":"2026-04-27T15:22:03","date_gmt":"2026-04-27T21:22:03","guid":{"rendered":"https:\/\/labestiapolitica.com.mx\/?p=71208"},"modified":"2026-04-27T15:22:03","modified_gmt":"2026-04-27T21:22:03","slug":"pan-lleva-campana-ahora-te-toca-a-ti-a-nativitas-y-llama-a-la-participacion-ciudadana","status":"publish","type":"post","link":"https:\/\/labestiapolitica.com.mx\/?p=71208","title":{"rendered":"PAN lleva campa\u00f1a \u201cAhora te toca a ti\u201d a Nativitas y llama a la participaci\u00f3n ciudadana."},"content":{"rendered":"<p style=\"text-align: justify;\"><em><strong>Demian M\u00e1rquez<\/strong><\/em> | El Partido Acci\u00f3n Nacional (PAN) en Nativitas realiz\u00f3 una nueva jornada de la campa\u00f1a \u201cAhora te toca a ti\u201d, estrategia con la que busca abrir espacios de participaci\u00f3n pol\u00edtica para ciudadanos interesados en contender por cargos p\u00fablicos o integrarse al partido.<\/p>\n<p style=\"text-align: justify;\">El evento reuni\u00f3 a liderazgos locales, j\u00f3venes profesionistas y simpatizantes.<\/p>\n<p style=\"text-align: justify;\">La diputada local Miriam Mart\u00ednez S\u00e1nchez se\u00f1al\u00f3 que la iniciativa pretende devolver la voz a la ciudadan\u00eda y abrir paso a quienes desean un cambio en el estado.<\/p>\n<p style=\"text-align: justify;\">Destac\u00f3 que Nativitas es un municipio relevante por su actividad agr\u00edcola, comercial y cultural, adem\u00e1s de su peso pol\u00edtico en la zona sur de Tlaxcala.<\/p>\n<p style=\"text-align: justify;\">En representaci\u00f3n ciudadana particip\u00f3 Sergio Moreno, docente originario del municipio, quien subray\u00f3 que la educaci\u00f3n es una herramienta clave para transformar comunidades.<\/p>\n<p style=\"text-align: justify;\">A\u00f1adi\u00f3 que maestros y j\u00f3venes deben asumir un papel m\u00e1s activo en la vida p\u00fablica para impulsar mejores condiciones de desarrollo.<\/p>\n<p style=\"text-align: justify;\">La universitaria Paola Flores Mej\u00eda afirm\u00f3 que durante a\u00f1os la juventud fue relegada de las decisiones p\u00fablicas, por lo que celebr\u00f3 la apertura de espacios para nuevas generaciones.<\/p>\n<p style=\"text-align: justify;\">A su vez, la abogada Ariana Ruiz Tepepa sostuvo que la pol\u00edtica debe dejar de ser un espacio cerrado y convertirse en una v\u00eda real de participaci\u00f3n para profesionistas, estudiantes, emprendedores y ciudadanos con vocaci\u00f3n de servicio.<\/p>\n<p style=\"text-align: justify;\">Por \u00faltimo, el dirigente estatal del PAN, \u00c1ngelo Guti\u00e9rrez Hern\u00e1ndez, inform\u00f3 que la gira ya recorri\u00f3 varios municipios y contin\u00faa sumando registros de personas interesadas en participar.<\/p>\n<p style=\"text-align: justify;\">Explic\u00f3 que mediante una aplicaci\u00f3n digital los ciudadanos pueden afiliarse, conocer al partido o inscribirse como aspirantes a distintos cargos de elecci\u00f3n popular.<\/p>\n<p style=\"text-align: justify;\">Guti\u00e9rrez Hern\u00e1ndez indic\u00f3 que la campa\u00f1a seguir\u00e1 en otras regiones del estado para escuchar a la poblaci\u00f3n y construir propuestas enfocadas en seguridad, empleo, salud y respaldo al campo, temas que, dijo, preocupan actualmente a las familias tlaxcaltecas.<\/p>\n","protected":false},"excerpt":{"rendered":"<p>Demian M\u00e1rquez | El Partido Acci\u00f3n Nacional (PAN) en Nativitas realiz\u00f3 una nueva jornada de la campa\u00f1a \u201cAhora te toca a ti\u201d, estrategia con la que busca abrir espacios de participaci\u00f3n pol\u00edtica para ciudadanos interesados en contender por cargos p\u00fablicos o integrarse al partido. El evento reuni\u00f3 a liderazgos locales, j\u00f3venes profesionistas y simpatizantes. La [&hellip;]<\/p>\n","protected":false},"author":5,"featured_media":71209,"comment_status":"open","ping_status":"open","sticky":false,"template":"","format":"standard","meta":{"footnotes":""},"categories":[3,248,264,247],"tags":[],"class_list":["post-71208","post","type-post","status-publish","format-standard","has-post-thumbnail","hentry","category-8-columnas","category-pan","category-partidos-politicos","category-politica"],"amp_enabled":true,"_links":{"self":[{"href":"https:\/\/labestiapolitica.com.mx\/index.php?rest_route=\/wp\/v2\/posts\/71208","targetHints":{"allow":["GET"]}}],"collection":[{"href":"https:\/\/labestiapolitica.com.mx\/index.php?rest_route=\/wp\/v2\/posts"}],"about":[{"href":"https:\/\/labestiapolitica.com.mx\/index.php?rest_route=\/wp\/v2\/types\/post"}],"author":[{"embeddable":true,"href":"https:\/\/labestiapolitica.com.mx\/index.php?rest_route=\/wp\/v2\/users\/5"}],"replies":[{"embeddable":true,"href":"https:\/\/labestiapolitica.com.mx\/index.php?rest_route=%2Fwp%2Fv2%2Fcomments&post=71208"}],"version-history":[{"count":1,"href":"https:\/\/labestiapolitica.com.mx\/index.php?rest_route=\/wp\/v2\/posts\/71208\/revisions"}],"predecessor-version":[{"id":71210,"href":"https:\/\/labestiapolitica.com.mx\/index.php?rest_route=\/wp\/v2\/posts\/71208\/revisions\/71210"}],"wp:featuredmedia":[{"embeddable":true,"href":"https:\/\/labestiapolitica.com.mx\/index.php?rest_route=\/wp\/v2\/media\/71209"}],"wp:attachment":[{"href":"https:\/\/labestiapolitica.com.mx\/index.php?rest_route=%2Fwp%2Fv2%2Fmedia&parent=71208"}],"wp:term":[{"taxonomy":"category","embeddable":true,"href":"https:\/\/labestiapolitica.com.mx\/index.php?rest_route=%2Fwp%2Fv2%2Fcategories&post=71208"},{"taxonomy":"post_tag","embeddable":true,"href":"https:\/\/labestiapolitica.com.mx\/index.php?rest_route=%2Fwp%2Fv2%2Ftags&post=71208"}],"curies":[{"name":"wp","href":"https:\/\/api.w.org\/{rel}","templated":true}]}}