{"id":71211,"date":"2026-04-27T15:28:21","date_gmt":"2026-04-27T21:28:21","guid":{"rendered":"https:\/\/labestiapolitica.com.mx\/?p=71211"},"modified":"2026-04-27T15:48:19","modified_gmt":"2026-04-27T21:48:19","slug":"no-soy-el-judas-de-tlaxcala-dice-vazquez-conchas-ademas-arremete-contra-el-ite","status":"publish","type":"post","link":"https:\/\/labestiapolitica.com.mx\/?p=71211","title":{"rendered":"\u201cNo soy el Judas de Tlaxcala\u201d dice V\u00e1zquez Conchas, adem\u00e1s arremete contra el ITE."},"content":{"rendered":"<p style=\"text-align: justify;\"><em><strong>Mariana Lovera<\/strong> <\/em>| El diputado federal por Morena, Raymundo V\u00e1zquez Conchas, rechaz\u00f3 los se\u00f1alamientos que lo califican como el \u201cJudas de Tlaxcala\u201d y defendi\u00f3 sus cr\u00edticas al gobierno estatal, asegurando que no responden a traici\u00f3n, sino a hechos concretos que evidencian contradicciones con los principios de la Cuarta Transformaci\u00f3n y a exigencias ciudadanas que no pueden ser ignoradas.<\/p>\n<p style=\"text-align: justify;\">En su conferencia de los lunes, el legislador dej\u00f3 claro que respeta a la gobernadora Lorena Cu\u00e9llar Cisneros, pero subray\u00f3 que su compromiso con la presidenta Claudia Sheinbaum Pardo lo obliga a se\u00f1alar los errores dentro del propio morenismo. \u201cNo puedo ser omiso\u201d, sentenci\u00f3.<\/p>\n<p style=\"text-align: justify;\">Sus declaraciones m\u00e1s duras se dirigieron al Instituto Tlaxcalteca de Elecciones (ITE), luego de que el organismo resolviera no imponer medidas cautelares por presuntos actos anticipados de campa\u00f1a cometidos por el alcalde capitalino Alfonso S\u00e1nchez Garc\u00eda y la senadora Ana Lilia Rivera. Para V\u00e1zquez Conchas, esa decisi\u00f3n \u201cdeja mal parada\u201d a la instituci\u00f3n electoral.<\/p>\n<p style=\"text-align: justify;\">\u201cEl \u00f3rgano electoral le quiere ver la cara al pueblo, pero el pueblo sabe qu\u00e9 hacer\u201d, advirti\u00f3 el diputado, al tiempo que afirm\u00f3 que los tlaxcaltecas est\u00e1n \u201cansiosos y sedientos de verdad, de justicia, no de mentiras\u201d. Insisti\u00f3 en que lo que la ciudadan\u00eda vive y escucha en la calle es una realidad innegable.<\/p>\n<p style=\"text-align: justify;\">El legislador tambi\u00e9n lanz\u00f3 denuncias graves: asegur\u00f3 que desde el gobierno estatal se sigue presionando a trabajadores de dependencias p\u00fablicas para que realicen actividades de promoci\u00f3n pol\u00edtica a favor de Alfonso S\u00e1nchez Garc\u00eda.<\/p>\n<p style=\"text-align: justify;\">Pese a la tibieza que, a su juicio, muestra el ITE, V\u00e1zquez Conchas confi\u00f3 en que los tlaxcaltecas sabr\u00e1n c\u00f3mo conducirse en la pr\u00f3xima elecci\u00f3n de 2027.<\/p>\n","protected":false},"excerpt":{"rendered":"<p>Mariana Lovera | El diputado federal por Morena, Raymundo V\u00e1zquez Conchas, rechaz\u00f3 los se\u00f1alamientos que lo califican como el \u201cJudas de Tlaxcala\u201d y defendi\u00f3 sus cr\u00edticas al gobierno estatal, asegurando que no responden a traici\u00f3n, sino a hechos concretos que evidencian contradicciones con los principios de la Cuarta Transformaci\u00f3n y a exigencias ciudadanas que no [&hellip;]<\/p>\n","protected":false},"author":6,"featured_media":71212,"comment_status":"open","ping_status":"open","sticky":false,"template":"","format":"standard","meta":{"footnotes":""},"categories":[3,247],"tags":[],"class_list":["post-71211","post","type-post","status-publish","format-standard","has-post-thumbnail","hentry","category-8-columnas","category-politica"],"amp_enabled":true,"_links":{"self":[{"href":"https:\/\/labestiapolitica.com.mx\/index.php?rest_route=\/wp\/v2\/posts\/71211","targetHints":{"allow":["GET"]}}],"collection":[{"href":"https:\/\/labestiapolitica.com.mx\/index.php?rest_route=\/wp\/v2\/posts"}],"about":[{"href":"https:\/\/labestiapolitica.com.mx\/index.php?rest_route=\/wp\/v2\/types\/post"}],"author":[{"embeddable":true,"href":"https:\/\/labestiapolitica.com.mx\/index.php?rest_route=\/wp\/v2\/users\/6"}],"replies":[{"embeddable":true,"href":"https:\/\/labestiapolitica.com.mx\/index.php?rest_route=%2Fwp%2Fv2%2Fcomments&post=71211"}],"version-history":[{"count":1,"href":"https:\/\/labestiapolitica.com.mx\/index.php?rest_route=\/wp\/v2\/posts\/71211\/revisions"}],"predecessor-version":[{"id":71213,"href":"https:\/\/labestiapolitica.com.mx\/index.php?rest_route=\/wp\/v2\/posts\/71211\/revisions\/71213"}],"wp:featuredmedia":[{"embeddable":true,"href":"https:\/\/labestiapolitica.com.mx\/index.php?rest_route=\/wp\/v2\/media\/71212"}],"wp:attachment":[{"href":"https:\/\/labestiapolitica.com.mx\/index.php?rest_route=%2Fwp%2Fv2%2Fmedia&parent=71211"}],"wp:term":[{"taxonomy":"category","embeddable":true,"href":"https:\/\/labestiapolitica.com.mx\/index.php?rest_route=%2Fwp%2Fv2%2Fcategories&post=71211"},{"taxonomy":"post_tag","embeddable":true,"href":"https:\/\/labestiapolitica.com.mx\/index.php?rest_route=%2Fwp%2Fv2%2Ftags&post=71211"}],"curies":[{"name":"wp","href":"https:\/\/api.w.org\/{rel}","templated":true}]}}