{"id":71225,"date":"2026-04-27T15:39:57","date_gmt":"2026-04-27T21:39:57","guid":{"rendered":"https:\/\/labestiapolitica.com.mx\/?p=71225"},"modified":"2026-04-27T15:40:31","modified_gmt":"2026-04-27T21:40:31","slug":"zacatelco-celebra-en-grande-a-ninas-y-ninos-en-su-dia","status":"publish","type":"post","link":"https:\/\/labestiapolitica.com.mx\/?p=71225","title":{"rendered":"Zacatelco celebra en grande a ni\u00f1as y ni\u00f1os en su d\u00eda."},"content":{"rendered":"<div id=\":nz\" class=\"ii gt\">\n<div id=\":ny\" class=\"a3s aiL\">\n<div id=\"avWBGd-20\">\n<div dir=\"ltr\" style=\"text-align: justify;\">\n<p>En el marco del D\u00eda de la Ni\u00f1a y el Ni\u00f1o, el Gobierno Municipal de Zacatelco, encabezado por el presidente Jos\u00e9 Miguel Acatzi Luna, llev\u00f3 a cabo un magno festejo en el centro del municipio, donde ni\u00f1as y ni\u00f1os disfrutaron de una jornada llena de alegr\u00eda, diversi\u00f3n y convivencia familiar.<\/p>\n<p>El evento, organizado en coordinaci\u00f3n con el Sistema Municipal DIF, ofreci\u00f3 una amplia variedad de actividades recreativas, entre las que destacaron brincolines, fiesta de espuma, juegos tradicionales, as\u00ed como la instalaci\u00f3n de una mini granja, donde las y los asistentes pudieron interactuar con diversos animales en un ambiente educativo y recreativo.<\/p>\n<p>Asimismo, se cont\u00f3 con un show de payasos a cargo de \u201cTimmy Star\u201d, quien llen\u00f3 de risas y din\u00e1micas el ambiente, adem\u00e1s de la presentaci\u00f3n de la obra de teatro \u201c\u00c9rase una vez un pato\u201d, a cargo del programa \u201cTlaxcala, Alas y Ra\u00edces\u201d de la Secretar\u00eda de Cultura del Estado.<\/p>\n<p>Durante su mensaje, el presidente municipal destac\u00f3 la importancia de generar experiencias significativas para la ni\u00f1ez:<\/p>\n<div>\u201cM\u00e1s all\u00e1 de un obsequio material, buscamos brindar momentos que permanezcan en la memoria de nuestras ni\u00f1as y ni\u00f1os, celebrando con ellos la alegr\u00eda de esta etapa tan especial\u201d, expres\u00f3.Como parte del festejo, se realiz\u00f3 la entrega de juguetes, as\u00ed como alimentos como pizza, paletas de hielo y bebidas, para todas las ni\u00f1as y ni\u00f1os asistentes.<\/p>\n<p>De igual manera, se instalaron diversos m\u00f3dulos con actividades como loter\u00eda, memorama, carreras de costales, una f\u00e1brica de mini donas y pinta caritas.<\/p>\n<p>Con este tipo de acciones, el Gobierno Municipal de Zacatelco reafirma su compromiso de promover la sana convivencia, fortalecer el tejido social y brindar espacios de esparcimiento que fomenten la alegr\u00eda y la uni\u00f3n de las familias.<\/p>\n<\/div>\n<\/div>\n<\/div>\n<\/div>\n<\/div>\n","protected":false},"excerpt":{"rendered":"<p>En el marco del D\u00eda de la Ni\u00f1a y el Ni\u00f1o, el Gobierno Municipal de Zacatelco, encabezado por el presidente Jos\u00e9 Miguel Acatzi Luna, llev\u00f3 a cabo un magno festejo en el centro del municipio, donde ni\u00f1as y ni\u00f1os disfrutaron de una jornada llena de alegr\u00eda, diversi\u00f3n y convivencia familiar. El evento, organizado en coordinaci\u00f3n [&hellip;]<\/p>\n","protected":false},"author":5,"featured_media":71227,"comment_status":"open","ping_status":"open","sticky":false,"template":"","format":"standard","meta":{"footnotes":""},"categories":[216,217],"tags":[],"class_list":["post-71225","post","type-post","status-publish","format-standard","has-post-thumbnail","hentry","category-municipios","category-zacatelco"],"amp_enabled":true,"_links":{"self":[{"href":"https:\/\/labestiapolitica.com.mx\/index.php?rest_route=\/wp\/v2\/posts\/71225","targetHints":{"allow":["GET"]}}],"collection":[{"href":"https:\/\/labestiapolitica.com.mx\/index.php?rest_route=\/wp\/v2\/posts"}],"about":[{"href":"https:\/\/labestiapolitica.com.mx\/index.php?rest_route=\/wp\/v2\/types\/post"}],"author":[{"embeddable":true,"href":"https:\/\/labestiapolitica.com.mx\/index.php?rest_route=\/wp\/v2\/users\/5"}],"replies":[{"embeddable":true,"href":"https:\/\/labestiapolitica.com.mx\/index.php?rest_route=%2Fwp%2Fv2%2Fcomments&post=71225"}],"version-history":[{"count":2,"href":"https:\/\/labestiapolitica.com.mx\/index.php?rest_route=\/wp\/v2\/posts\/71225\/revisions"}],"predecessor-version":[{"id":71228,"href":"https:\/\/labestiapolitica.com.mx\/index.php?rest_route=\/wp\/v2\/posts\/71225\/revisions\/71228"}],"wp:featuredmedia":[{"embeddable":true,"href":"https:\/\/labestiapolitica.com.mx\/index.php?rest_route=\/wp\/v2\/media\/71227"}],"wp:attachment":[{"href":"https:\/\/labestiapolitica.com.mx\/index.php?rest_route=%2Fwp%2Fv2%2Fmedia&parent=71225"}],"wp:term":[{"taxonomy":"category","embeddable":true,"href":"https:\/\/labestiapolitica.com.mx\/index.php?rest_route=%2Fwp%2Fv2%2Fcategories&post=71225"},{"taxonomy":"post_tag","embeddable":true,"href":"https:\/\/labestiapolitica.com.mx\/index.php?rest_route=%2Fwp%2Fv2%2Ftags&post=71225"}],"curies":[{"name":"wp","href":"https:\/\/api.w.org\/{rel}","templated":true}]}}