{"id":71244,"date":"2026-04-27T16:16:48","date_gmt":"2026-04-27T22:16:48","guid":{"rendered":"https:\/\/labestiapolitica.com.mx\/?p=71244"},"modified":"2026-04-27T16:16:48","modified_gmt":"2026-04-27T22:16:48","slug":"proteccion-civil-de-amaxac-de-guerrero-fortalece-su-preparacion-ante-la-temporada-de-lluvias-y-ciclones","status":"publish","type":"post","link":"https:\/\/labestiapolitica.com.mx\/?p=71244","title":{"rendered":"Protecci\u00f3n Civil de Amaxac de Guerrero fortalece su preparaci\u00f3n ante la temporada de lluvias y ciclones."},"content":{"rendered":"<p style=\"text-align: justify;\">El director de Protecci\u00f3n Civil de Amaxac de Guerrero, acompa\u00f1ado de personal del \u00e1rea, asisti\u00f3 a la Reuni\u00f3n Nacional de Protecci\u00f3n Civil para la Temporada de Lluvias y Ciclones 2026, en la cual participaron representantes de las 32 entidades federativas del pa\u00eds.<\/p>\n<p style=\"text-align: justify;\"><img loading=\"lazy\" decoding=\"async\" class=\"size-medium wp-image-71245 alignleft\" src=\"https:\/\/labestiapolitica.com.mx\/wp-content\/uploads\/2026\/04\/682804086_122202087932451047_1713896658647909073_n-300x169.jpg\" alt=\"\" width=\"300\" height=\"169\" srcset=\"https:\/\/labestiapolitica.com.mx\/wp-content\/uploads\/2026\/04\/682804086_122202087932451047_1713896658647909073_n-300x169.jpg 300w, https:\/\/labestiapolitica.com.mx\/wp-content\/uploads\/2026\/04\/682804086_122202087932451047_1713896658647909073_n-1024x576.jpg 1024w, https:\/\/labestiapolitica.com.mx\/wp-content\/uploads\/2026\/04\/682804086_122202087932451047_1713896658647909073_n-768x432.jpg 768w, https:\/\/labestiapolitica.com.mx\/wp-content\/uploads\/2026\/04\/682804086_122202087932451047_1713896658647909073_n-1536x864.jpg 1536w, https:\/\/labestiapolitica.com.mx\/wp-content\/uploads\/2026\/04\/682804086_122202087932451047_1713896658647909073_n.jpg 1600w\" sizes=\"auto, (max-width: 300px) 100vw, 300px\" \/>Este encuentro tuvo como objetivo compartir estrategias t\u00e9cnicas y acciones preventivas para hacer frente a fen\u00f3menos naturales, fortaleciendo la capacidad de respuesta de los municipios.<\/p>\n<p style=\"text-align: justify;\">Durante su participaci\u00f3n, el personal de Protecci\u00f3n Civil recibi\u00f3 capacitaci\u00f3n en diversos temas, entre ellos el taller ejecutivo de preparaci\u00f3n, auxilio y recuperaci\u00f3n por ciclones tropicales; atenci\u00f3n de emergencias por fen\u00f3menos naturales perturbadores; as\u00ed como deslizamiento de laderas y fabricaci\u00f3n de pluvi\u00f3metro casero.<\/p>\n<p style=\"text-align: justify;\">Cabe destacar que es la primera ocasi\u00f3n en que esta direcci\u00f3n participa en capacitaciones a nivel nacional, lo que representa un paso importante en la profesionalizaci\u00f3n y fortalecimiento de esta \u00e1rea.<\/p>\n<p style=\"text-align: justify;\">Con estas acciones, el Gobierno Municipal reafirma su compromiso de seguir trabajando por la seguridad y el bienestar de las familias de Amaxac de Guerrero.<\/p>\n","protected":false},"excerpt":{"rendered":"<p>El director de Protecci\u00f3n Civil de Amaxac de Guerrero, acompa\u00f1ado de personal del \u00e1rea, asisti\u00f3 a la Reuni\u00f3n Nacional de Protecci\u00f3n Civil para la Temporada de Lluvias y Ciclones 2026, en la cual participaron representantes de las 32 entidades federativas del pa\u00eds. Este encuentro tuvo como objetivo compartir estrategias t\u00e9cnicas y acciones preventivas para hacer [&hellip;]<\/p>\n","protected":false},"author":5,"featured_media":71246,"comment_status":"open","ping_status":"open","sticky":false,"template":"","format":"standard","meta":{"footnotes":""},"categories":[265,216],"tags":[],"class_list":["post-71244","post","type-post","status-publish","format-standard","has-post-thumbnail","hentry","category-amaxac-de-guerrero","category-municipios"],"amp_enabled":true,"_links":{"self":[{"href":"https:\/\/labestiapolitica.com.mx\/index.php?rest_route=\/wp\/v2\/posts\/71244","targetHints":{"allow":["GET"]}}],"collection":[{"href":"https:\/\/labestiapolitica.com.mx\/index.php?rest_route=\/wp\/v2\/posts"}],"about":[{"href":"https:\/\/labestiapolitica.com.mx\/index.php?rest_route=\/wp\/v2\/types\/post"}],"author":[{"embeddable":true,"href":"https:\/\/labestiapolitica.com.mx\/index.php?rest_route=\/wp\/v2\/users\/5"}],"replies":[{"embeddable":true,"href":"https:\/\/labestiapolitica.com.mx\/index.php?rest_route=%2Fwp%2Fv2%2Fcomments&post=71244"}],"version-history":[{"count":1,"href":"https:\/\/labestiapolitica.com.mx\/index.php?rest_route=\/wp\/v2\/posts\/71244\/revisions"}],"predecessor-version":[{"id":71247,"href":"https:\/\/labestiapolitica.com.mx\/index.php?rest_route=\/wp\/v2\/posts\/71244\/revisions\/71247"}],"wp:featuredmedia":[{"embeddable":true,"href":"https:\/\/labestiapolitica.com.mx\/index.php?rest_route=\/wp\/v2\/media\/71246"}],"wp:attachment":[{"href":"https:\/\/labestiapolitica.com.mx\/index.php?rest_route=%2Fwp%2Fv2%2Fmedia&parent=71244"}],"wp:term":[{"taxonomy":"category","embeddable":true,"href":"https:\/\/labestiapolitica.com.mx\/index.php?rest_route=%2Fwp%2Fv2%2Fcategories&post=71244"},{"taxonomy":"post_tag","embeddable":true,"href":"https:\/\/labestiapolitica.com.mx\/index.php?rest_route=%2Fwp%2Fv2%2Ftags&post=71244"}],"curies":[{"name":"wp","href":"https:\/\/api.w.org\/{rel}","templated":true}]}}