{"id":71252,"date":"2026-04-27T17:35:22","date_gmt":"2026-04-27T23:35:22","guid":{"rendered":"https:\/\/labestiapolitica.com.mx\/?p=71252"},"modified":"2026-04-27T17:35:22","modified_gmt":"2026-04-27T23:35:22","slug":"columna-invitada-alfonso-sanchez-se-perfila-como-puntero-rumbo-a-2027","status":"publish","type":"post","link":"https:\/\/labestiapolitica.com.mx\/?p=71252","title":{"rendered":"Columna Invitada | \u201cAlfonso S\u00e1nchez se perfila como puntero rumbo a 2027\u201d"},"content":{"rendered":"<p style=\"text-align: justify;\">Al tiempo que atiende su funci\u00f3n como alcalde de Tlaxcala capital Alfonso S\u00e1nchez Garc\u00eda se mueve con soltura en el tablero pol\u00edtico estatal. En un escenario donde los tiempos no son oficiales pero s\u00ed decisivos, su nombre se instala con naturalidad y m\u00e1s fuerza en la conversaci\u00f3n p\u00fablica rumbo a 2027.<\/p>\n<p style=\"text-align: justify;\">Uno de los momentos que marc\u00f3 la semana fue su aparici\u00f3n, v\u00eda enlace, en la conferencia ma\u00f1anera de la presidenta Claudia Sheinbaum. No es un detalle menor: ese tipo de exposiciones suelen leerse como se\u00f1ales pol\u00edticas que proyectan cercan\u00eda y reconocimiento en las altas esferas del poder. En pol\u00edtica, la forma tambi\u00e9n es fondo, y la visibilidad nacional juega a favor del alcalde tlaxcalteca.<\/p>\n<p style=\"text-align: justify;\">A la par, los n\u00fameros cuentan su propia historia. Cuatro casas encuestadoras \u2014Demoscop\u00eda de La Jornada, C&amp;E Research, Electoralia y GobernArte\u2014 lo colocan al frente en las preferencias ciudadanas. Aunque las encuestas son fotograf\u00edas del momento, la coincidencia entre distintas mediciones refuerza la percepci\u00f3n de que S\u00e1nchez Garc\u00eda no solo est\u00e1 en la contienda, sino que hoy la encabeza con margen suficiente para ser considerado el puntero.<\/p>\n<p style=\"text-align: justify;\">Por si fuera poco, el domingo sum\u00f3 otro gesto pol\u00edtico relevante al asistir como invitado especial al 35 aniversario de Antorcha Campesina. Se trata de un movimiento hist\u00f3ricamente complejo, pero con capacidad de movilizaci\u00f3n y presencia territorial. La lectura es clara: abrir canales de di\u00e1logo con todos los actores, incluso los m\u00e1s inc\u00f3modos, puede ser la clave para construir acuerdos amplios.<\/p>\n<p style=\"text-align: justify;\">No s\u00f3lo eso, INEGI dio a conocer su encuesta de seguridad. De diciembre a marzo, con la estrategia de M\u00e1s Territorio y Menos Escritorio, la ciudad de Tlaxcala baj\u00f3 6.3 puntos porcentuales en percepci\u00f3n de inseguridad. As\u00ed, entre presencia nacional, n\u00fameros favorables y operaci\u00f3n pol\u00edtica en tierra, el panorama comienza a despejarse cada vez m\u00e1s a favor del alcalde capitalino.<\/p>\n","protected":false},"excerpt":{"rendered":"<p>Al tiempo que atiende su funci\u00f3n como alcalde de Tlaxcala capital Alfonso S\u00e1nchez Garc\u00eda se mueve con soltura en el tablero pol\u00edtico estatal. En un escenario donde los tiempos no son oficiales pero s\u00ed decisivos, su nombre se instala con naturalidad y m\u00e1s fuerza en la conversaci\u00f3n p\u00fablica rumbo a 2027. Uno de los momentos [&hellip;]<\/p>\n","protected":false},"author":3,"featured_media":71253,"comment_status":"open","ping_status":"open","sticky":false,"template":"","format":"standard","meta":{"footnotes":""},"categories":[3,6],"tags":[],"class_list":["post-71252","post","type-post","status-publish","format-standard","has-post-thumbnail","hentry","category-8-columnas","category-opinion"],"amp_enabled":true,"_links":{"self":[{"href":"https:\/\/labestiapolitica.com.mx\/index.php?rest_route=\/wp\/v2\/posts\/71252","targetHints":{"allow":["GET"]}}],"collection":[{"href":"https:\/\/labestiapolitica.com.mx\/index.php?rest_route=\/wp\/v2\/posts"}],"about":[{"href":"https:\/\/labestiapolitica.com.mx\/index.php?rest_route=\/wp\/v2\/types\/post"}],"author":[{"embeddable":true,"href":"https:\/\/labestiapolitica.com.mx\/index.php?rest_route=\/wp\/v2\/users\/3"}],"replies":[{"embeddable":true,"href":"https:\/\/labestiapolitica.com.mx\/index.php?rest_route=%2Fwp%2Fv2%2Fcomments&post=71252"}],"version-history":[{"count":1,"href":"https:\/\/labestiapolitica.com.mx\/index.php?rest_route=\/wp\/v2\/posts\/71252\/revisions"}],"predecessor-version":[{"id":71254,"href":"https:\/\/labestiapolitica.com.mx\/index.php?rest_route=\/wp\/v2\/posts\/71252\/revisions\/71254"}],"wp:featuredmedia":[{"embeddable":true,"href":"https:\/\/labestiapolitica.com.mx\/index.php?rest_route=\/wp\/v2\/media\/71253"}],"wp:attachment":[{"href":"https:\/\/labestiapolitica.com.mx\/index.php?rest_route=%2Fwp%2Fv2%2Fmedia&parent=71252"}],"wp:term":[{"taxonomy":"category","embeddable":true,"href":"https:\/\/labestiapolitica.com.mx\/index.php?rest_route=%2Fwp%2Fv2%2Fcategories&post=71252"},{"taxonomy":"post_tag","embeddable":true,"href":"https:\/\/labestiapolitica.com.mx\/index.php?rest_route=%2Fwp%2Fv2%2Ftags&post=71252"}],"curies":[{"name":"wp","href":"https:\/\/api.w.org\/{rel}","templated":true}]}}