{"id":71263,"date":"2026-04-27T20:23:42","date_gmt":"2026-04-28T02:23:42","guid":{"rendered":"https:\/\/labestiapolitica.com.mx\/?p=71263"},"modified":"2026-04-27T20:23:53","modified_gmt":"2026-04-28T02:23:53","slug":"fallece-manuel-morales-hernandez-referente-del-periodismo-en-tlaxcala","status":"publish","type":"post","link":"https:\/\/labestiapolitica.com.mx\/?p=71263","title":{"rendered":"Fallece Manuel Morales Hern\u00e1ndez, referente del periodismo en Tlaxcala."},"content":{"rendered":"<p style=\"text-align: justify;\"><em><strong>Demian M\u00e1rquez<\/strong> <\/em>| El gremio period\u00edstico de Tlaxcala se encuentra de luto tras el fallecimiento de Manuel Morales Hern\u00e1ndez, reconocido comunicador y director del portal Calpulli Noticias.<\/p>\n<p style=\"text-align: justify;\">Diversos colegas, medios de comunicaci\u00f3n y amistades expresaron sus condolencias por la partida de quien fue considerado un profesional comprometido con la informaci\u00f3n y un compa\u00f1ero solidario.<\/p>\n<p style=\"text-align: justify;\">Con m\u00e1s de 29 a\u00f1os de trayectoria en el ejercicio period\u00edstico, Manuel Morales dej\u00f3 huella en los medios de comunicaci\u00f3n del estado.<\/p>\n<p style=\"text-align: justify;\">Adem\u00e1s de encabezar Calpulli Noticias, colabor\u00f3 en distintos espacios informativos, entre ellos El Sol de Tlaxcala, donde tambi\u00e9n destac\u00f3 por su labor reporteril y cercan\u00eda con la ciudadan\u00eda.<\/p>\n<p style=\"text-align: justify;\">En julio de 2024 recibi\u00f3 el Premio \u201cMiguel N. Lira\u201d, m\u00e1xima distinci\u00f3n otorgada por el Congreso del Estado de Tlaxcala a comunicadores destacados.<\/p>\n<p style=\"text-align: justify;\">El reconocimiento fue entregado por su trayectoria, profesionalismo y aportaci\u00f3n social, luego de un proceso de selecci\u00f3n encabezado por especialistas de la Escuela de Periodismo Carlos Septi\u00e9n Garc\u00eda.<\/p>\n<p style=\"text-align: justify;\">Su partida deja un vac\u00edo entre colegas y lectores que siguieron su trabajo durante d\u00e9cadas.<\/p>\n<p style=\"text-align: justify;\">Manuel Morales Hern\u00e1ndez ser\u00e1 recordado por su vocaci\u00f3n informativa, su trato humano y el legado que construy\u00f3 en el periodismo tlaxcalteca. Descanse en paz.<\/p>\n","protected":false},"excerpt":{"rendered":"<p>Demian M\u00e1rquez | El gremio period\u00edstico de Tlaxcala se encuentra de luto tras el fallecimiento de Manuel Morales Hern\u00e1ndez, reconocido comunicador y director del portal Calpulli Noticias. Diversos colegas, medios de comunicaci\u00f3n y amistades expresaron sus condolencias por la partida de quien fue considerado un profesional comprometido con la informaci\u00f3n y un compa\u00f1ero solidario. Con [&hellip;]<\/p>\n","protected":false},"author":5,"featured_media":71267,"comment_status":"open","ping_status":"open","sticky":false,"template":"","format":"standard","meta":{"footnotes":""},"categories":[3,7],"tags":[],"class_list":["post-71263","post","type-post","status-publish","format-standard","has-post-thumbnail","hentry","category-8-columnas","category-ciudadanos"],"amp_enabled":true,"_links":{"self":[{"href":"https:\/\/labestiapolitica.com.mx\/index.php?rest_route=\/wp\/v2\/posts\/71263","targetHints":{"allow":["GET"]}}],"collection":[{"href":"https:\/\/labestiapolitica.com.mx\/index.php?rest_route=\/wp\/v2\/posts"}],"about":[{"href":"https:\/\/labestiapolitica.com.mx\/index.php?rest_route=\/wp\/v2\/types\/post"}],"author":[{"embeddable":true,"href":"https:\/\/labestiapolitica.com.mx\/index.php?rest_route=\/wp\/v2\/users\/5"}],"replies":[{"embeddable":true,"href":"https:\/\/labestiapolitica.com.mx\/index.php?rest_route=%2Fwp%2Fv2%2Fcomments&post=71263"}],"version-history":[{"count":1,"href":"https:\/\/labestiapolitica.com.mx\/index.php?rest_route=\/wp\/v2\/posts\/71263\/revisions"}],"predecessor-version":[{"id":71266,"href":"https:\/\/labestiapolitica.com.mx\/index.php?rest_route=\/wp\/v2\/posts\/71263\/revisions\/71266"}],"wp:featuredmedia":[{"embeddable":true,"href":"https:\/\/labestiapolitica.com.mx\/index.php?rest_route=\/wp\/v2\/media\/71267"}],"wp:attachment":[{"href":"https:\/\/labestiapolitica.com.mx\/index.php?rest_route=%2Fwp%2Fv2%2Fmedia&parent=71263"}],"wp:term":[{"taxonomy":"category","embeddable":true,"href":"https:\/\/labestiapolitica.com.mx\/index.php?rest_route=%2Fwp%2Fv2%2Fcategories&post=71263"},{"taxonomy":"post_tag","embeddable":true,"href":"https:\/\/labestiapolitica.com.mx\/index.php?rest_route=%2Fwp%2Fv2%2Ftags&post=71263"}],"curies":[{"name":"wp","href":"https:\/\/api.w.org\/{rel}","templated":true}]}}