{"id":71269,"date":"2026-04-27T21:05:16","date_gmt":"2026-04-28T03:05:16","guid":{"rendered":"https:\/\/labestiapolitica.com.mx\/?p=71269"},"modified":"2026-04-27T21:05:16","modified_gmt":"2026-04-28T03:05:16","slug":"muevete-tlaxcala-se-consolida-como-una-accion-mas-del-gobierno-de-alfonso-sanchez-para-fortalecer-el-bienestar-de-la-poblacion","status":"publish","type":"post","link":"https:\/\/labestiapolitica.com.mx\/?p=71269","title":{"rendered":"\u201cMu\u00e9vete Tlaxcala\u201d se consolida como una acci\u00f3n m\u00e1s del Gobierno de Alfonso S\u00e1nchez para fortalecer el bienestar de la poblaci\u00f3n."},"content":{"rendered":"<ul>\n<li style=\"text-align: justify;\">A lo largo de 11 ediciones se han fomentado estilos de vida saludables entre las familias tlaxcaltecas<\/li>\n<\/ul>\n<p style=\"text-align: justify;\">Con una notable participaci\u00f3n ciudadana, este domingo 25 de abril se llev\u00f3 a cabo la onceava edici\u00f3n de \u201cMu\u00e9vete Tlaxcala\u201d, que impulsa el Gobierno de Alfonso S\u00e1nchez Garc\u00eda, la cual se posiciona como una acci\u00f3n integral para fomentar estilos de vida saludables y reforzar el bienestar entre las familias tlaxcaltecas.<\/p>\n<p style=\"text-align: justify;\">Frente al Centro Cultural Universitario (CCU), ni\u00f1as, ni\u00f1os, j\u00f3venes y adultos participaron en una jornada recreativa a lo largo de un circuito donde se practican caminatas, recorridos en bicicleta y actividades en patines, entre otras, que transformaron el espacio p\u00fablico en un punto de encuentro para la sana convivencia.<\/p>\n<p style=\"text-align: justify;\">Las familias, acompa\u00f1adas en muchos casos de sus mascotas, disfrutan tambi\u00e9n de actividades complementarias como voleibol y futbol. En algunas ocasiones tambi\u00e9n se han llevado a cabo clases de zumba y de defensa personal.<\/p>\n<p style=\"text-align: justify;\">Este circuito se realiza cada domingo bajo un dispositivo institucional que garantiza a las y los participantes atenci\u00f3n vial, seguridad y asistencia m\u00e9dica en caso de que se requiera.<\/p>\n<p style=\"text-align: justify;\">Con estas acciones, el Ayuntamiento de Tlaxcala contin\u00faa con el impulso de programas que atienden de manera directa las necesidades de la poblaci\u00f3n, con un gobierno cercano, sensible y en permanente di\u00e1logo con la ciudadan\u00eda, que escucha y resuelve para generar bienestar en plena concordancia con los principios de la Cuarta Transformaci\u00f3n.<\/p>\n","protected":false},"excerpt":{"rendered":"<p>A lo largo de 11 ediciones se han fomentado estilos de vida saludables entre las familias tlaxcaltecas Con una notable participaci\u00f3n ciudadana, este domingo 25 de abril se llev\u00f3 a cabo la onceava edici\u00f3n de \u201cMu\u00e9vete Tlaxcala\u201d, que impulsa el Gobierno de Alfonso S\u00e1nchez Garc\u00eda, la cual se posiciona como una acci\u00f3n integral para fomentar [&hellip;]<\/p>\n","protected":false},"author":5,"featured_media":71270,"comment_status":"open","ping_status":"open","sticky":false,"template":"","format":"standard","meta":{"footnotes":""},"categories":[216,214],"tags":[],"class_list":["post-71269","post","type-post","status-publish","format-standard","has-post-thumbnail","hentry","category-municipios","category-tlaxcala-capital"],"amp_enabled":true,"_links":{"self":[{"href":"https:\/\/labestiapolitica.com.mx\/index.php?rest_route=\/wp\/v2\/posts\/71269","targetHints":{"allow":["GET"]}}],"collection":[{"href":"https:\/\/labestiapolitica.com.mx\/index.php?rest_route=\/wp\/v2\/posts"}],"about":[{"href":"https:\/\/labestiapolitica.com.mx\/index.php?rest_route=\/wp\/v2\/types\/post"}],"author":[{"embeddable":true,"href":"https:\/\/labestiapolitica.com.mx\/index.php?rest_route=\/wp\/v2\/users\/5"}],"replies":[{"embeddable":true,"href":"https:\/\/labestiapolitica.com.mx\/index.php?rest_route=%2Fwp%2Fv2%2Fcomments&post=71269"}],"version-history":[{"count":1,"href":"https:\/\/labestiapolitica.com.mx\/index.php?rest_route=\/wp\/v2\/posts\/71269\/revisions"}],"predecessor-version":[{"id":71271,"href":"https:\/\/labestiapolitica.com.mx\/index.php?rest_route=\/wp\/v2\/posts\/71269\/revisions\/71271"}],"wp:featuredmedia":[{"embeddable":true,"href":"https:\/\/labestiapolitica.com.mx\/index.php?rest_route=\/wp\/v2\/media\/71270"}],"wp:attachment":[{"href":"https:\/\/labestiapolitica.com.mx\/index.php?rest_route=%2Fwp%2Fv2%2Fmedia&parent=71269"}],"wp:term":[{"taxonomy":"category","embeddable":true,"href":"https:\/\/labestiapolitica.com.mx\/index.php?rest_route=%2Fwp%2Fv2%2Fcategories&post=71269"},{"taxonomy":"post_tag","embeddable":true,"href":"https:\/\/labestiapolitica.com.mx\/index.php?rest_route=%2Fwp%2Fv2%2Ftags&post=71269"}],"curies":[{"name":"wp","href":"https:\/\/api.w.org\/{rel}","templated":true}]}}